{"id":6153,"date":"2016-10-21T10:36:38","date_gmt":"2016-10-21T12:36:38","guid":{"rendered":"https:\/\/blogs.correiobraziliense.com.br\/cbpoder\/?p=6153"},"modified":"2016-10-21T10:36:38","modified_gmt":"2016-10-21T12:36:38","slug":"entendimento-do-tse-livrou-raimundo-ribeiro-de-virar-ficha-suja","status":"publish","type":"post","link":"https:\/\/blogs.correiobraziliense.com.br\/cbpoder\/entendimento-do-tse-livrou-raimundo-ribeiro-de-virar-ficha-suja\/","title":{"rendered":"Entendimento do TSE livrou Raimundo Ribeiro de virar ficha suja"},"content":{"rendered":"<p>Uma interpreta\u00e7\u00e3o do Tribunal Superior Eleitoral (TSE) adotado nesta semana salva o deputado Raimundo Ribeiro (PPS) da perda dos direitos pol\u00edticos. Condenado em segunda inst\u00e2ncia por improbidade administrativa, o distrital estaria ineleg\u00edvel pelos pr\u00f3ximos oito anos, n\u00e3o fosse a decis\u00e3o da \u00faltima ter\u00e7a-feira. Por maioria de votos, incentivados pelo presidente do TSE, Gilmar Mendes, os ministros rejeitaram o endurecimento da aplica\u00e7\u00e3o da Lei da Ficha Limpa para condena\u00e7\u00f5es por atos de improbidade administrativa.<\/p>\n<p>&nbsp;<\/p>\n<p>A Corte manteve o entendimento de que \u00e9 preciso comprovar dano ao er\u00e1rio e enriquecimento il\u00edcito para tornar um pol\u00edtico impedido de concorrer a cargos p\u00fablicos. No caso de Ribeiro, condenado por autorizar, na condi\u00e7\u00e3o de secret\u00e1rio de Justi\u00e7a e Cidadania, a realiza\u00e7\u00e3o de um evento sem dota\u00e7\u00e3o or\u00e7ament\u00e1ria correspondente, n\u00e3o h\u00e1 caracteriza\u00e7\u00e3o de benef\u00edcio pessoal. Nada impede, no entanto, que o Minist\u00e9rio P\u00fablico Eleitoral iou advers\u00e1rios pol\u00edticos mpugnem uma eventual candidatura de Ribeiro, em 2018. O resultado desse questionamento ficar\u00e1 a cargo da composi\u00e7\u00e3o do TSE na ocasi\u00e3o.<\/p>\n","protected":false},"excerpt":{"rendered":"<p>Uma interpreta\u00e7\u00e3o do Tribunal Superior Eleitoral (TSE) adotado nesta semana salva o deputado Raimundo Ribeiro (PPS) da perda dos direitos pol\u00edticos. Condenado em segunda inst\u00e2ncia por improbidade administrativa, o distrital estaria ineleg\u00edvel pelos pr\u00f3ximos oito anos, n\u00e3o fosse a decis\u00e3o da \u00faltima ter\u00e7a-feira. Por maioria de votos, incentivados pelo presidente do TSE, Gilmar Mendes, os ministros rejeitaram o endurecimento da [&hellip;]<\/p>\n","protected":false},"author":9,"featured_media":6154,"comment_status":"open","ping_status":"closed","sticky":false,"template":"","format":"standard","meta":{"footnotes":""},"categories":[234],"tags":[],"class_list":["post-6153","post","type-post","status-publish","format-standard","has-post-thumbnail","hentry","category-cb-poder"],"_links":{"self":[{"href":"https:\/\/blogs.correiobraziliense.com.br\/cbpoder\/wp-json\/wp\/v2\/posts\/6153","targetHints":{"allow":["GET"]}}],"collection":[{"href":"https:\/\/blogs.correiobraziliense.com.br\/cbpoder\/wp-json\/wp\/v2\/posts"}],"about":[{"href":"https:\/\/blogs.correiobraziliense.com.br\/cbpoder\/wp-json\/wp\/v2\/types\/post"}],"author":[{"embeddable":true,"href":"https:\/\/blogs.correiobraziliense.com.br\/cbpoder\/wp-json\/wp\/v2\/users\/9"}],"replies":[{"embeddable":true,"href":"https:\/\/blogs.correiobraziliense.com.br\/cbpoder\/wp-json\/wp\/v2\/comments?post=6153"}],"version-history":[{"count":1,"href":"https:\/\/blogs.correiobraziliense.com.br\/cbpoder\/wp-json\/wp\/v2\/posts\/6153\/revisions"}],"predecessor-version":[{"id":6155,"href":"https:\/\/blogs.correiobraziliense.com.br\/cbpoder\/wp-json\/wp\/v2\/posts\/6153\/revisions\/6155"}],"wp:featuredmedia":[{"embeddable":true,"href":"https:\/\/blogs.correiobraziliense.com.br\/cbpoder\/wp-json\/wp\/v2\/media\/6154"}],"wp:attachment":[{"href":"https:\/\/blogs.correiobraziliense.com.br\/cbpoder\/wp-json\/wp\/v2\/media?parent=6153"}],"wp:term":[{"taxonomy":"category","embeddable":true,"href":"https:\/\/blogs.correiobraziliense.com.br\/cbpoder\/wp-json\/wp\/v2\/categories?post=6153"},{"taxonomy":"post_tag","embeddable":true,"href":"https:\/\/blogs.correiobraziliense.com.br\/cbpoder\/wp-json\/wp\/v2\/tags?post=6153"}],"curies":[{"name":"wp","href":"https:\/\/api.w.org\/{rel}","templated":true}]}}