{"id":6141,"date":"2016-10-21T07:28:26","date_gmt":"2016-10-21T09:28:26","guid":{"rendered":"https:\/\/blogs.correiobraziliense.com.br\/cbpoder\/?p=6141"},"modified":"2016-10-21T16:27:41","modified_gmt":"2016-10-21T18:27:41","slug":"mister-hyde-medico-e-preso-por-destruir-provas-em-terceira-etapa-de-investigacao-sobre-mafia-de-proteses","status":"publish","type":"post","link":"https:\/\/blogs.correiobraziliense.com.br\/cbpoder\/mister-hyde-medico-e-preso-por-destruir-provas-em-terceira-etapa-de-investigacao-sobre-mafia-de-proteses\/","title":{"rendered":"Mister Hyde: M\u00e9dico \u00e9 preso por destruir provas, em terceira etapa de investiga\u00e7\u00e3o sobre M\u00e1fia de Pr\u00f3teses"},"content":{"rendered":"<p>Na terceira etapa da Opera\u00e7\u00e3o Mister Hyde, promotores de Justi\u00e7a e policiais civis cumprem nesta manh\u00e3 (21\/10) novo mandado de busca e apreens\u00e3o no Hospital Home, na L2 Sul.\u00a0Um m\u00e9dico que atende na unidade, Fabiano Duarte Dutra, teve a pris\u00e3o preventiva decretada, por obstru\u00e7\u00e3o da Justi\u00e7a. A suspeita \u00e9 de que ele estava destruindo provas importantes para a investiga\u00e7\u00e3o sobre a exist\u00eancia de uma m\u00e1fia de \u00f3rteses e pr\u00f3teses no Distrito Federal.<\/p>\n<p>&nbsp;<\/p>\n<p>Al\u00e9m do mandado de pris\u00e3o, os investigadores v\u00e3o cumprir mandado de busca e apreens\u00e3o na casa do m\u00e9dico, na Asa Sul, e numa empresa do ortopedista.\u00a0A Mister Hyde \u00e9 uma investiga\u00e7\u00e3o da 4\u00aa Promotoria de Justi\u00e7a \u00a0de Defesa da Sa\u00fade (PRO-SUS), da Promotoria de Defesa dos Usu\u00e1rios de Sa\u00fade (Pro-Vida) e da Delegacia de Combate ao Crime Organizado (Deco). A seguir mais informa\u00e7\u00f5es.<\/p>\n<p>&nbsp;<\/p>\n<p>Em nota, a dire\u00e7\u00e3o do Hospital Home\u00a0informa que &#8220;segue colaborando com o Minist\u00e9rio P\u00fablico do Distrito Federal e a Pol\u00edcia Civil, fornecendo documentos e esclarecimentos solicitados, e reafirma que o hospital n\u00e3o tem qualquer rela\u00e7\u00e3o com os fatos apontados pelas investiga\u00e7\u00f5es&#8221;. De acordo com a institui\u00e7\u00e3o, &#8220;o Home foi surpreendido\u00a0com a informa\u00e7\u00e3o\u00a0da\u00a0deten\u00e7\u00e3o provis\u00f3ria de um dos m\u00e9dicos que atende no hospital, ocorrida na manh\u00e3 de hoje, em sua resid\u00eancia. Sem saber mais detalhes acerca dos motivos da pris\u00e3o, aguardar\u00e1 o avan\u00e7o das investiga\u00e7\u00f5es para se pronunciar a respeito&#8221;.<\/p>\n<p>Foto: Ed Alves<\/p>\n","protected":false},"excerpt":{"rendered":"<p>Na terceira etapa da Opera\u00e7\u00e3o Mister Hyde, promotores de Justi\u00e7a e policiais civis cumprem nesta manh\u00e3 (21\/10) novo mandado de busca e apreens\u00e3o no Hospital Home, na L2 Sul.\u00a0Um m\u00e9dico que atende na unidade, Fabiano Duarte Dutra, teve a pris\u00e3o preventiva decretada, por obstru\u00e7\u00e3o da Justi\u00e7a. A suspeita \u00e9 de que ele estava destruindo provas importantes para a investiga\u00e7\u00e3o sobre [&hellip;]<\/p>\n","protected":false},"author":9,"featured_media":6147,"comment_status":"open","ping_status":"closed","sticky":false,"template":"","format":"standard","meta":{"footnotes":""},"categories":[234],"tags":[473,475,474,451,449,472],"class_list":["post-6141","post","type-post","status-publish","format-standard","has-post-thumbnail","hentry","category-cb-poder","tag-deco","tag-fabiano-duarte-dutra","tag-hospital-home","tag-mafia-das-orteses-e-proteses","tag-mister-hyde","tag-pro-vida"],"_links":{"self":[{"href":"https:\/\/blogs.correiobraziliense.com.br\/cbpoder\/wp-json\/wp\/v2\/posts\/6141","targetHints":{"allow":["GET"]}}],"collection":[{"href":"https:\/\/blogs.correiobraziliense.com.br\/cbpoder\/wp-json\/wp\/v2\/posts"}],"about":[{"href":"https:\/\/blogs.correiobraziliense.com.br\/cbpoder\/wp-json\/wp\/v2\/types\/post"}],"author":[{"embeddable":true,"href":"https:\/\/blogs.correiobraziliense.com.br\/cbpoder\/wp-json\/wp\/v2\/users\/9"}],"replies":[{"embeddable":true,"href":"https:\/\/blogs.correiobraziliense.com.br\/cbpoder\/wp-json\/wp\/v2\/comments?post=6141"}],"version-history":[{"count":7,"href":"https:\/\/blogs.correiobraziliense.com.br\/cbpoder\/wp-json\/wp\/v2\/posts\/6141\/revisions"}],"predecessor-version":[{"id":6181,"href":"https:\/\/blogs.correiobraziliense.com.br\/cbpoder\/wp-json\/wp\/v2\/posts\/6141\/revisions\/6181"}],"wp:featuredmedia":[{"embeddable":true,"href":"https:\/\/blogs.correiobraziliense.com.br\/cbpoder\/wp-json\/wp\/v2\/media\/6147"}],"wp:attachment":[{"href":"https:\/\/blogs.correiobraziliense.com.br\/cbpoder\/wp-json\/wp\/v2\/media?parent=6141"}],"wp:term":[{"taxonomy":"category","embeddable":true,"href":"https:\/\/blogs.correiobraziliense.com.br\/cbpoder\/wp-json\/wp\/v2\/categories?post=6141"},{"taxonomy":"post_tag","embeddable":true,"href":"https:\/\/blogs.correiobraziliense.com.br\/cbpoder\/wp-json\/wp\/v2\/tags?post=6141"}],"curies":[{"name":"wp","href":"https:\/\/api.w.org\/{rel}","templated":true}]}}