{"id":6136,"date":"2016-10-20T17:46:01","date_gmt":"2016-10-20T19:46:01","guid":{"rendered":"https:\/\/blogs.correiobraziliense.com.br\/cbpoder\/?p=6136"},"modified":"2016-10-27T20:10:58","modified_gmt":"2016-10-27T22:10:58","slug":"diante-do-impasse-das-negociacoes-salariais-policia-civil-anuncia-nova-paralisacao","status":"publish","type":"post","link":"https:\/\/blogs.correiobraziliense.com.br\/cbpoder\/diante-do-impasse-das-negociacoes-salariais-policia-civil-anuncia-nova-paralisacao\/","title":{"rendered":"Diante do impasse nas negocia\u00e7\u00f5es salariais, Pol\u00edcia Civil anuncia nova paralisa\u00e7\u00e3o"},"content":{"rendered":"<p><strong>Ana Viriato e Isa Stacciarini<\/strong><\/p>\n<p>A Pol\u00edcia Civil anunciou, em assembleia geral, na tarde desta quinta-feira (20\/10), uma paralisa\u00e7\u00e3o\u00a0de 48 horas, a partir das 8h da pr\u00f3xima segunda-feira (24\/10). A categoria, por\u00e9m, votou contra a greve\u00a0geral por tempo indeterminado. A\u00a0opera\u00e7\u00e3o\u00a0PCDF Legal est\u00e1 mantida.\u00a0A corpora\u00e7\u00e3o exige a manuten\u00e7\u00e3o da isonomia salarial com a Pol\u00edcia Federal, equivalente ao reajuste de 37%, escalonado nos pr\u00f3ximos tr\u00eas anos.<\/p>\n<p>&nbsp;<br \/>\nA Pol\u00edcia Civil cruzou os bra\u00e7os novamente nesta quinta-feira (20\/10). Essa \u00e9 a segunda paralisa\u00e7\u00e3o geral de 24h da categoria na semana &#8211; a primeira ocorreu na \u00faltima segunda-feira (17). Devido \u00e0 a\u00e7\u00e3o, mais de mil ocorr\u00eancias deixaram de ser registradas nas 34 delegacias de Pol\u00edcia do Distrito Federal. Dez mil mandados de pris\u00e3o, al\u00e9m de mil apreens\u00f5es de adolescente infratores em aberto, tamb\u00e9m deixaram de ser, parcialmente, cumpridos.<\/p>\n<p>&nbsp;<\/p>\n<p>O GDF j\u00e1 entregou aos representantes dos sindicatos da categoria quatro propostas. Por\u00e9m, em raz\u00e3o da diverg\u00eancia com a exig\u00eancia da PCDF, todas foram negadas em assembleias.\u00a0Com os oficiais de bra\u00e7os cruzados, o impacto atinge, ainda, o setor de per\u00edcias. Ao todo, 50 procedimentos s\u00e3o realizados diariamente. Por\u00e9m, em consequ\u00eancia das paralisa\u00e7\u00f5es, a lista acumula 200 pend\u00eancias.<\/p>\n<p>&nbsp;<\/p>\n<p>Al\u00e9m disso, todas as investiga\u00e7\u00f5es encontram-se estagnadas. Ao todo,\u00a050 presos deixaram de ser transferidos das delegacias de Pol\u00edcia para a carceragem. Por fim, ao menos 400 carteiras de identidade deixaram de ser emitidas e 50 laudos periciais ficaram pendentes.\u00a0A categoria re\u00fane-se, neste momento, em frente ao Complexo da Pol\u00edcia Civil.<\/p>\n<p>&nbsp;<\/p>\n<p>&#8220;Decidimos pela paralisa\u00e7\u00e3o de 48 horas em raz\u00e3o da intransig\u00eancia do GDF de n\u00e3o encaminhar nossa mensagem de recomposi\u00e7\u00e3o salarial ao governo federal informando o impacto financeiro para os pr\u00f3ximos anos. O Fundo Constitucional vai aumentar R$ 1 bilh\u00e3o no pr\u00f3ximo ano. Existe um tratamento diferenciado conosco e isso \u00e9 algo que n\u00f3s n\u00e3o vamos aceitar e que nos indigna&#8221;, explica Rodrigo Franco, presidente do Sinpol<\/p>\n","protected":false},"excerpt":{"rendered":"<p>Ana Viriato e Isa Stacciarini A Pol\u00edcia Civil anunciou, em assembleia geral, na tarde desta quinta-feira (20\/10), uma paralisa\u00e7\u00e3o\u00a0de 48 horas, a partir das 8h da pr\u00f3xima segunda-feira (24\/10). A categoria, por\u00e9m, votou contra a greve\u00a0geral por tempo indeterminado. A\u00a0opera\u00e7\u00e3o\u00a0PCDF Legal est\u00e1 mantida.\u00a0A corpora\u00e7\u00e3o exige a manuten\u00e7\u00e3o da isonomia salarial com a Pol\u00edcia Federal, equivalente ao reajuste de 37%, escalonado [&hellip;]<\/p>\n","protected":false},"author":9,"featured_media":6137,"comment_status":"open","ping_status":"open","sticky":false,"template":"","format":"standard","meta":{"footnotes":""},"categories":[234],"tags":[],"class_list":["post-6136","post","type-post","status-publish","format-standard","has-post-thumbnail","hentry","category-cb-poder"],"_links":{"self":[{"href":"https:\/\/blogs.correiobraziliense.com.br\/cbpoder\/wp-json\/wp\/v2\/posts\/6136","targetHints":{"allow":["GET"]}}],"collection":[{"href":"https:\/\/blogs.correiobraziliense.com.br\/cbpoder\/wp-json\/wp\/v2\/posts"}],"about":[{"href":"https:\/\/blogs.correiobraziliense.com.br\/cbpoder\/wp-json\/wp\/v2\/types\/post"}],"author":[{"embeddable":true,"href":"https:\/\/blogs.correiobraziliense.com.br\/cbpoder\/wp-json\/wp\/v2\/users\/9"}],"replies":[{"embeddable":true,"href":"https:\/\/blogs.correiobraziliense.com.br\/cbpoder\/wp-json\/wp\/v2\/comments?post=6136"}],"version-history":[{"count":3,"href":"https:\/\/blogs.correiobraziliense.com.br\/cbpoder\/wp-json\/wp\/v2\/posts\/6136\/revisions"}],"predecessor-version":[{"id":6140,"href":"https:\/\/blogs.correiobraziliense.com.br\/cbpoder\/wp-json\/wp\/v2\/posts\/6136\/revisions\/6140"}],"wp:featuredmedia":[{"embeddable":true,"href":"https:\/\/blogs.correiobraziliense.com.br\/cbpoder\/wp-json\/wp\/v2\/media\/6137"}],"wp:attachment":[{"href":"https:\/\/blogs.correiobraziliense.com.br\/cbpoder\/wp-json\/wp\/v2\/media?parent=6136"}],"wp:term":[{"taxonomy":"category","embeddable":true,"href":"https:\/\/blogs.correiobraziliense.com.br\/cbpoder\/wp-json\/wp\/v2\/categories?post=6136"},{"taxonomy":"post_tag","embeddable":true,"href":"https:\/\/blogs.correiobraziliense.com.br\/cbpoder\/wp-json\/wp\/v2\/tags?post=6136"}],"curies":[{"name":"wp","href":"https:\/\/api.w.org\/{rel}","templated":true}]}}