{"id":6131,"date":"2016-10-20T16:33:59","date_gmt":"2016-10-20T18:33:59","guid":{"rendered":"https:\/\/blogs.correiobraziliense.com.br\/cbpoder\/?p=6131"},"modified":"2016-10-27T20:10:59","modified_gmt":"2016-10-27T22:10:59","slug":"wasny-de-roure-volta-atras-e-fica-na-lideranca-do-pt","status":"publish","type":"post","link":"https:\/\/blogs.correiobraziliense.com.br\/cbpoder\/wasny-de-roure-volta-atras-e-fica-na-lideranca-do-pt\/","title":{"rendered":"Wasny de Roure volta atr\u00e1s e fica na lideran\u00e7a do PT"},"content":{"rendered":"<p><strong>Ana Viriato<\/strong><\/p>\n<p>Oito dias ap\u00f3s anunciar a ren\u00fancia ao posto de l\u00edder\u00a0do PT na C\u00e2mara Legislativa do Distrito Federal, Wasny de Roure voltou atr\u00e1s e decidiu continuar no cargo. O acordo ocorreu em reuni\u00e3o da bancada petista, na tarde desta quinta-feira (20\/10). Ele ocupar\u00e1 a cadeira, por\u00e9m, apenas at\u00e9 meados de dezembro, quando ocorrer\u00e1 a elei\u00e7\u00e3o do novo l\u00edder da sigla no Legislativo local.<\/p>\n<p>&nbsp;<\/p>\n<p>Segundo Wasny, a decis\u00e3o foi embasada por pedidos do Diret\u00f3rio local do PT, proferidos na noite desta quarta-feira. &#8220;Fizeram um apelo para que eu continuasse no cargo at\u00e9 que a situa\u00e7\u00e3o do partido, em um \u00e2mbito geral, fosse normalizada&#8221;. O petista havia deixado a lideran\u00e7a da sigla em 12 de outubro, em consequ\u00eancia de conflitos com os companheiros Ricardo Vale (PT) e Chico Vigilante (PT) na vota\u00e7\u00e3o de projetos expressivos para o Executivo local, como Refis e Iprev. Segundo ele, ambos apresentavam &#8220;falhas no aspecto jur\u00eddico e pr\u00e1tico&#8221;.<\/p>\n","protected":false},"excerpt":{"rendered":"<p>Ana Viriato Oito dias ap\u00f3s anunciar a ren\u00fancia ao posto de l\u00edder\u00a0do PT na C\u00e2mara Legislativa do Distrito Federal, Wasny de Roure voltou atr\u00e1s e decidiu continuar no cargo. O acordo ocorreu em reuni\u00e3o da bancada petista, na tarde desta quinta-feira (20\/10). Ele ocupar\u00e1 a cadeira, por\u00e9m, apenas at\u00e9 meados de dezembro, quando ocorrer\u00e1 a elei\u00e7\u00e3o do novo l\u00edder da [&hellip;]<\/p>\n","protected":false},"author":9,"featured_media":6132,"comment_status":"open","ping_status":"open","sticky":false,"template":"","format":"standard","meta":{"footnotes":""},"categories":[234],"tags":[],"class_list":["post-6131","post","type-post","status-publish","format-standard","has-post-thumbnail","hentry","category-cb-poder"],"_links":{"self":[{"href":"https:\/\/blogs.correiobraziliense.com.br\/cbpoder\/wp-json\/wp\/v2\/posts\/6131","targetHints":{"allow":["GET"]}}],"collection":[{"href":"https:\/\/blogs.correiobraziliense.com.br\/cbpoder\/wp-json\/wp\/v2\/posts"}],"about":[{"href":"https:\/\/blogs.correiobraziliense.com.br\/cbpoder\/wp-json\/wp\/v2\/types\/post"}],"author":[{"embeddable":true,"href":"https:\/\/blogs.correiobraziliense.com.br\/cbpoder\/wp-json\/wp\/v2\/users\/9"}],"replies":[{"embeddable":true,"href":"https:\/\/blogs.correiobraziliense.com.br\/cbpoder\/wp-json\/wp\/v2\/comments?post=6131"}],"version-history":[{"count":1,"href":"https:\/\/blogs.correiobraziliense.com.br\/cbpoder\/wp-json\/wp\/v2\/posts\/6131\/revisions"}],"predecessor-version":[{"id":6133,"href":"https:\/\/blogs.correiobraziliense.com.br\/cbpoder\/wp-json\/wp\/v2\/posts\/6131\/revisions\/6133"}],"wp:featuredmedia":[{"embeddable":true,"href":"https:\/\/blogs.correiobraziliense.com.br\/cbpoder\/wp-json\/wp\/v2\/media\/6132"}],"wp:attachment":[{"href":"https:\/\/blogs.correiobraziliense.com.br\/cbpoder\/wp-json\/wp\/v2\/media?parent=6131"}],"wp:term":[{"taxonomy":"category","embeddable":true,"href":"https:\/\/blogs.correiobraziliense.com.br\/cbpoder\/wp-json\/wp\/v2\/categories?post=6131"},{"taxonomy":"post_tag","embeddable":true,"href":"https:\/\/blogs.correiobraziliense.com.br\/cbpoder\/wp-json\/wp\/v2\/tags?post=6131"}],"curies":[{"name":"wp","href":"https:\/\/api.w.org\/{rel}","templated":true}]}}