{"id":6125,"date":"2016-10-20T15:50:43","date_gmt":"2016-10-20T17:50:43","guid":{"rendered":"https:\/\/blogs.correiobraziliense.com.br\/cbpoder\/?p=6125"},"modified":"2016-10-27T20:11:00","modified_gmt":"2016-10-27T22:11:00","slug":"mpf-pede-prisao-de-fabio-monteiro-de-barros-comparsa-de-luiz-estevao-no-escandalo-do-trt","status":"publish","type":"post","link":"https:\/\/blogs.correiobraziliense.com.br\/cbpoder\/mpf-pede-prisao-de-fabio-monteiro-de-barros-comparsa-de-luiz-estevao-no-escandalo-do-trt\/","title":{"rendered":"MPF pede pris\u00e3o de F\u00e1bio Monteiro de Barros, comparsa de Luiz Estev\u00e3o no esc\u00e2ndalo do TRT"},"content":{"rendered":"<p><strong>Ana Viriato<\/strong><\/p>\n<p>O Minist\u00e9rio P\u00fablico Federal (MPF) pediu ao Supremo Tribunal Federal (STF), nesta quinta-feira (20\/10), a pris\u00e3o do empres\u00e1rio F\u00e1bio Monteiro de Barros Filho, comparsa de Luiz Estev\u00e3o no caso de desvios de R$ 1 bilh\u00e3o das obras do F\u00f3rum Trabalhista de S\u00e3o Paulo. Para evitar a cadeia, F\u00e1bio j\u00e1 protocolou, ao menos, 30 recursos em tribunais da Justi\u00e7a.<\/p>\n<p>&nbsp;<\/p>\n<p>O of\u00edcio, assinado pela subprocuradora-geral da Rep\u00fablica Cl\u00e1udia Sampaio Marques, indica que os embargos registrados pela defesa de F\u00e1bio Monteiro t\u00eam &#8220;car\u00e1ter prolet\u00e1rio, interpostos com o objetivo exclusivo de impedir o tr\u00e2nsito em julgado da condena\u00e7\u00e3o e a execu\u00e7\u00e3o das penas impostas&#8221;.<\/p>\n<p>&nbsp;<\/p>\n<p>Cl\u00e1udia Sampaio descreve, ainda, que &#8220;a condena\u00e7\u00e3o contra o acusado foi proferida h\u00e1 mais de 10 anos&#8221;. Dessa forma, segundo a subprocuradora, no julgamento dos recursos, &#8220;todas as quest\u00f5es foram exaustivamente analisadas, n\u00e3o havendo mais o que prover&#8221;. Como\u00a0Luiz Estev\u00e3o j\u00e1 est\u00e1 atr\u00e1s das grades, a subprocuradora solicita a aplica\u00e7\u00e3o da mesma provid\u00eancia a F\u00e1bio Monteiro de Barros Filho.<\/p>\n<p>&nbsp;<\/p>\n<p><a href=\"https:\/\/blogs.correiobraziliense.com.br\/cbpoder\/wp-content\/uploads\/sites\/5\/2016\/10\/MPF-pede-pris\u00e3o-de-F\u00e1bio-Monteiro-de-Barros.pdf\" rel=\"\">MPF pede pris\u00e3o de F\u00e1bio Monteiro de Barros<\/a><\/p>\n","protected":false},"excerpt":{"rendered":"<p>Ana Viriato O Minist\u00e9rio P\u00fablico Federal (MPF) pediu ao Supremo Tribunal Federal (STF), nesta quinta-feira (20\/10), a pris\u00e3o do empres\u00e1rio F\u00e1bio Monteiro de Barros Filho, comparsa de Luiz Estev\u00e3o no caso de desvios de R$ 1 bilh\u00e3o das obras do F\u00f3rum Trabalhista de S\u00e3o Paulo. Para evitar a cadeia, F\u00e1bio j\u00e1 protocolou, ao menos, 30 recursos em tribunais da Justi\u00e7a. [&hellip;]<\/p>\n","protected":false},"author":9,"featured_media":6126,"comment_status":"open","ping_status":"open","sticky":false,"template":"","format":"standard","meta":{"footnotes":""},"categories":[234],"tags":[],"class_list":["post-6125","post","type-post","status-publish","format-standard","has-post-thumbnail","hentry","category-cb-poder"],"_links":{"self":[{"href":"https:\/\/blogs.correiobraziliense.com.br\/cbpoder\/wp-json\/wp\/v2\/posts\/6125","targetHints":{"allow":["GET"]}}],"collection":[{"href":"https:\/\/blogs.correiobraziliense.com.br\/cbpoder\/wp-json\/wp\/v2\/posts"}],"about":[{"href":"https:\/\/blogs.correiobraziliense.com.br\/cbpoder\/wp-json\/wp\/v2\/types\/post"}],"author":[{"embeddable":true,"href":"https:\/\/blogs.correiobraziliense.com.br\/cbpoder\/wp-json\/wp\/v2\/users\/9"}],"replies":[{"embeddable":true,"href":"https:\/\/blogs.correiobraziliense.com.br\/cbpoder\/wp-json\/wp\/v2\/comments?post=6125"}],"version-history":[{"count":1,"href":"https:\/\/blogs.correiobraziliense.com.br\/cbpoder\/wp-json\/wp\/v2\/posts\/6125\/revisions"}],"predecessor-version":[{"id":6128,"href":"https:\/\/blogs.correiobraziliense.com.br\/cbpoder\/wp-json\/wp\/v2\/posts\/6125\/revisions\/6128"}],"wp:featuredmedia":[{"embeddable":true,"href":"https:\/\/blogs.correiobraziliense.com.br\/cbpoder\/wp-json\/wp\/v2\/media\/6126"}],"wp:attachment":[{"href":"https:\/\/blogs.correiobraziliense.com.br\/cbpoder\/wp-json\/wp\/v2\/media?parent=6125"}],"wp:term":[{"taxonomy":"category","embeddable":true,"href":"https:\/\/blogs.correiobraziliense.com.br\/cbpoder\/wp-json\/wp\/v2\/categories?post=6125"},{"taxonomy":"post_tag","embeddable":true,"href":"https:\/\/blogs.correiobraziliense.com.br\/cbpoder\/wp-json\/wp\/v2\/tags?post=6125"}],"curies":[{"name":"wp","href":"https:\/\/api.w.org\/{rel}","templated":true}]}}