{"id":6114,"date":"2016-10-20T11:05:17","date_gmt":"2016-10-20T13:05:17","guid":{"rendered":"https:\/\/blogs.correiobraziliense.com.br\/cbpoder\/?p=6114"},"modified":"2016-10-20T11:05:17","modified_gmt":"2016-10-20T13:05:17","slug":"corrida-contra-o-tempo-celina-leao-vai-recorrer-ao-stj-antes-de-publicacao-de-acordao","status":"publish","type":"post","link":"https:\/\/blogs.correiobraziliense.com.br\/cbpoder\/corrida-contra-o-tempo-celina-leao-vai-recorrer-ao-stj-antes-de-publicacao-de-acordao\/","title":{"rendered":"Corrida contra o tempo: Celina Le\u00e3o vai recorrer ao STJ antes de publica\u00e7\u00e3o de ac\u00f3rd\u00e3o"},"content":{"rendered":"<p>Faltam 73 dias para o fim do mandato de Celina Le\u00e3o (PPS) na Presid\u00eancia da C\u00e2mara Legislativa. Esse \u00e9 prazo que a deputada distrital disp\u00f5e para tentar cassar a decis\u00e3o do Tribunal de Justi\u00e7a do DF que a afastou do comando da Casa. O sucesso dessa batalha vai depender muito de como o recurso a ser protocolado pela defesa de Celina tramitar no Superior Tribunal de Justi\u00e7a (STJ). Um despacho monocr\u00e1tico seria a solu\u00e7\u00e3o, desde que seja positivo.<\/p>\n<p>&nbsp;<\/p>\n<p>O julgamento em uma das turmas pode levar meses para entrar em pauta. Se o mandato de Celina acabar, o processo perder\u00e1 o objeto. Eventuais nulidades poder\u00e3o ser apreciadas, mas o debate sobre o retorno de Celina ao cargo n\u00e3o ter\u00e1 mais sentido. Por isso, a defesa tem evitado questionamentos que podem provocar manifesta\u00e7\u00f5es dos promotores de Justi\u00e7a respons\u00e1veis pela Opera\u00e7\u00e3o Dr\u00e1con. Em cada tema, o processo ficaria parado pelo menos 15 dias no Minist\u00e9rio P\u00fablico do DF.<\/p>\n<p>&nbsp;<\/p>\n<p><strong>Na correria<\/strong><br \/>\nPor causa da pressa, Celina Le\u00e3o foi pessoalmente ontem ao Tribunal de Justi\u00e7a do DF para buscar as certid\u00f5es do julgamento de ter\u00e7a-feira, necess\u00e1rias para embasar o recurso contra a decis\u00e3o do Conselho Especial. A defesa n\u00e3o vai esperar a publica\u00e7\u00e3o do ac\u00f3rd\u00e3o, para dar entrada no recurso no Superior Tribunal de Justi\u00e7a (STJ) e aposta que conseguir\u00e1 a nulidade de todas as a\u00e7\u00f5es das tr\u00eas etapas da Opera\u00e7\u00e3o Dr\u00e1con. J\u00e1 o Minist\u00e9rio P\u00fablico do DF quer desacelerar o processo. N\u00e3o tem pressa e vai trabalhar com argumentos para manter todas as decis\u00f5es.<\/p>\n<p>&nbsp;<\/p>\n<p><strong>Sem corpo mole<\/strong><br \/>\nA den\u00fancia por corrup\u00e7\u00e3o contra os cinco deputados distritais investigados na Opera\u00e7\u00e3o Dr\u00e1con n\u00e3o deve demorar. Sobre esse assunto, o Minist\u00e9rio P\u00fablico n\u00e3o faz corpo mole. Trabalha com afinco, para protocolar as a\u00e7\u00f5es;<\/p>\n","protected":false},"excerpt":{"rendered":"<p>Faltam 73 dias para o fim do mandato de Celina Le\u00e3o (PPS) na Presid\u00eancia da C\u00e2mara Legislativa. Esse \u00e9 prazo que a deputada distrital disp\u00f5e para tentar cassar a decis\u00e3o do Tribunal de Justi\u00e7a do DF que a afastou do comando da Casa. O sucesso dessa batalha vai depender muito de como o recurso a ser protocolado pela defesa de [&hellip;]<\/p>\n","protected":false},"author":9,"featured_media":6115,"comment_status":"open","ping_status":"closed","sticky":false,"template":"","format":"standard","meta":{"footnotes":""},"categories":[234],"tags":[],"class_list":["post-6114","post","type-post","status-publish","format-standard","has-post-thumbnail","hentry","category-cb-poder"],"_links":{"self":[{"href":"https:\/\/blogs.correiobraziliense.com.br\/cbpoder\/wp-json\/wp\/v2\/posts\/6114","targetHints":{"allow":["GET"]}}],"collection":[{"href":"https:\/\/blogs.correiobraziliense.com.br\/cbpoder\/wp-json\/wp\/v2\/posts"}],"about":[{"href":"https:\/\/blogs.correiobraziliense.com.br\/cbpoder\/wp-json\/wp\/v2\/types\/post"}],"author":[{"embeddable":true,"href":"https:\/\/blogs.correiobraziliense.com.br\/cbpoder\/wp-json\/wp\/v2\/users\/9"}],"replies":[{"embeddable":true,"href":"https:\/\/blogs.correiobraziliense.com.br\/cbpoder\/wp-json\/wp\/v2\/comments?post=6114"}],"version-history":[{"count":1,"href":"https:\/\/blogs.correiobraziliense.com.br\/cbpoder\/wp-json\/wp\/v2\/posts\/6114\/revisions"}],"predecessor-version":[{"id":6116,"href":"https:\/\/blogs.correiobraziliense.com.br\/cbpoder\/wp-json\/wp\/v2\/posts\/6114\/revisions\/6116"}],"wp:featuredmedia":[{"embeddable":true,"href":"https:\/\/blogs.correiobraziliense.com.br\/cbpoder\/wp-json\/wp\/v2\/media\/6115"}],"wp:attachment":[{"href":"https:\/\/blogs.correiobraziliense.com.br\/cbpoder\/wp-json\/wp\/v2\/media?parent=6114"}],"wp:term":[{"taxonomy":"category","embeddable":true,"href":"https:\/\/blogs.correiobraziliense.com.br\/cbpoder\/wp-json\/wp\/v2\/categories?post=6114"},{"taxonomy":"post_tag","embeddable":true,"href":"https:\/\/blogs.correiobraziliense.com.br\/cbpoder\/wp-json\/wp\/v2\/tags?post=6114"}],"curies":[{"name":"wp","href":"https:\/\/api.w.org\/{rel}","templated":true}]}}