{"id":6112,"date":"2016-10-20T10:58:26","date_gmt":"2016-10-20T12:58:26","guid":{"rendered":"https:\/\/blogs.correiobraziliense.com.br\/cbpoder\/?p=6112"},"modified":"2016-10-27T20:11:01","modified_gmt":"2016-10-27T22:11:01","slug":"distritais-reassumem-cargos-na-mesa-diretora-mas-celina-leao-continua-afastada","status":"publish","type":"post","link":"https:\/\/blogs.correiobraziliense.com.br\/cbpoder\/distritais-reassumem-cargos-na-mesa-diretora-mas-celina-leao-continua-afastada\/","title":{"rendered":"Distritais reassumem cargos na Mesa Diretora, mas Celina Le\u00e3o continua afastada"},"content":{"rendered":"<p><strong>Ana Viriato<\/strong><\/p>\n<p>A Mesa Diretora da C\u00e2mara Legislativa apresenta, a partir desta quinta-feira (19\/10), uma nova composi\u00e7\u00e3o. A decis\u00e3o do Conselho Especial do Tribunal de Justi\u00e7a do DF e Territ\u00f3rios (TJDFT), anunciada na \u00faltima ter\u00e7a-feira, garantiu o retorno de tr\u00eas deputados afastados \u00e0 c\u00fapula do Legislativo local. Assim, os titulares Raimundo Ribeiro (PPS), Julio Cesar (PRB) e Bispo Renato Andrade (PR) retomam, respectivamente, a lideran\u00e7a da 1\u00b0, 2\u00b0 e 3\u00b0 secretaria da Mesa.<\/p>\n<p>&nbsp;<\/p>\n<p>Os suplentes Agaciel Maia (PR), Lira (PHS) e Rodrigo Delmasso (PTN) deixam os referidos postos. A presidente afastada, Celina Le\u00e3o (PPS), teve o recurso negado no TJDFT e n\u00e3o pode voltar ao cargo mais alto da Casa. Ela recorrer\u00e1 aos tribunais superiores. Portanto, Juarez\u00e3o (PSB) permanece na presid\u00eancia do Legislativo local. Liliane Roriz (PTB) renunciou \u00e0 vice-presid\u00eancia da C\u00e2mara em 17 de agosto. A cadeira permanecer\u00e1 vaga at\u00e9 a pr\u00f3xima elei\u00e7\u00e3o da Mesa, prevista para dezembro deste ano.<\/p>\n<p>&nbsp;<\/p>\n<p>A Mesa Diretora titular foi afastada por ordem do TJDFT em 23 de agosto, para que os integrantes &#8220;n\u00e3o interferissem nas investiga\u00e7\u00f5es da Dr\u00e1con&#8221;. A a\u00e7\u00e3o, deflagrada pelo Minist\u00e9rio P\u00fablico do DF e Territ\u00f3rios e pela Pol\u00edcia Civil, investiga uma suposta articula\u00e7\u00e3o entre a c\u00fapula da Casa e o distrital Cristiano Ara\u00fajo (PSD), motivada pelo intuito de utilizar emenda parlamentar para o pagamento de d\u00edvidas com UTIs, mediante cobran\u00e7a de propina.<\/p>\n<p>&nbsp;<\/p>\n<p><strong>Confira como ficou a configura\u00e7\u00e3o da Mesa Diretora:<\/strong><\/p>\n<p>Juarez\u00e3o (PSB) &#8211; Presidente<br \/>\nRaimundo Ribeiro (PPS) &#8211; 1\u00b0 Secret\u00e1rio<br \/>\nJ\u00falio C\u00e9sar (PRB) &#8211; 2\u00b0 Secret\u00e1rio<br \/>\nBispo Renato Andrade (PR) &#8211; 3\u00b0 Secret\u00e1rio<\/p>\n","protected":false},"excerpt":{"rendered":"<p>Ana Viriato A Mesa Diretora da C\u00e2mara Legislativa apresenta, a partir desta quinta-feira (19\/10), uma nova composi\u00e7\u00e3o. A decis\u00e3o do Conselho Especial do Tribunal de Justi\u00e7a do DF e Territ\u00f3rios (TJDFT), anunciada na \u00faltima ter\u00e7a-feira, garantiu o retorno de tr\u00eas deputados afastados \u00e0 c\u00fapula do Legislativo local. Assim, os titulares Raimundo Ribeiro (PPS), Julio Cesar (PRB) e Bispo Renato Andrade [&hellip;]<\/p>\n","protected":false},"author":9,"featured_media":0,"comment_status":"open","ping_status":"open","sticky":false,"template":"","format":"standard","meta":{"footnotes":""},"categories":[234],"tags":[],"class_list":["post-6112","post","type-post","status-publish","format-standard","hentry","category-cb-poder"],"_links":{"self":[{"href":"https:\/\/blogs.correiobraziliense.com.br\/cbpoder\/wp-json\/wp\/v2\/posts\/6112","targetHints":{"allow":["GET"]}}],"collection":[{"href":"https:\/\/blogs.correiobraziliense.com.br\/cbpoder\/wp-json\/wp\/v2\/posts"}],"about":[{"href":"https:\/\/blogs.correiobraziliense.com.br\/cbpoder\/wp-json\/wp\/v2\/types\/post"}],"author":[{"embeddable":true,"href":"https:\/\/blogs.correiobraziliense.com.br\/cbpoder\/wp-json\/wp\/v2\/users\/9"}],"replies":[{"embeddable":true,"href":"https:\/\/blogs.correiobraziliense.com.br\/cbpoder\/wp-json\/wp\/v2\/comments?post=6112"}],"version-history":[{"count":1,"href":"https:\/\/blogs.correiobraziliense.com.br\/cbpoder\/wp-json\/wp\/v2\/posts\/6112\/revisions"}],"predecessor-version":[{"id":6113,"href":"https:\/\/blogs.correiobraziliense.com.br\/cbpoder\/wp-json\/wp\/v2\/posts\/6112\/revisions\/6113"}],"wp:attachment":[{"href":"https:\/\/blogs.correiobraziliense.com.br\/cbpoder\/wp-json\/wp\/v2\/media?parent=6112"}],"wp:term":[{"taxonomy":"category","embeddable":true,"href":"https:\/\/blogs.correiobraziliense.com.br\/cbpoder\/wp-json\/wp\/v2\/categories?post=6112"},{"taxonomy":"post_tag","embeddable":true,"href":"https:\/\/blogs.correiobraziliense.com.br\/cbpoder\/wp-json\/wp\/v2\/tags?post=6112"}],"curies":[{"name":"wp","href":"https:\/\/api.w.org\/{rel}","templated":true}]}}