{"id":6096,"date":"2016-10-19T16:15:59","date_gmt":"2016-10-19T18:15:59","guid":{"rendered":"https:\/\/blogs.correiobraziliense.com.br\/cbpoder\/?p=6096"},"modified":"2016-10-19T19:36:11","modified_gmt":"2016-10-19T21:36:11","slug":"camara-legislativa-arquiva-processo-de-cassacao-contra-deputada-liliane-roriz","status":"publish","type":"post","link":"https:\/\/blogs.correiobraziliense.com.br\/cbpoder\/camara-legislativa-arquiva-processo-de-cassacao-contra-deputada-liliane-roriz\/","title":{"rendered":"C\u00e2mara Legislativa arquiva processo de cassa\u00e7\u00e3o contra a deputada Liliane Roriz"},"content":{"rendered":"<p><strong>Ana Viriato<\/strong><\/p>\n<p>O mandato de Liliane Roriz (PTB) est\u00e1 resguardado. A Comiss\u00e3o de Defesa dos Direitos Humanos, Cidadania, \u00c9tica e Decoro Parlamentar da C\u00e2mara Legislativa determinou, por 3 votos a 1, na tarde desta quarta-feira (19\/10), o arquivamento do pedido de cassa\u00e7\u00e3o da parlamentar, protocolado pela ONG Adote um Distrital, do Instituto de Fiscaliza\u00e7\u00e3o e Controle (IFC).<\/p>\n<p>&nbsp;<\/p>\n<p>A sess\u00e3o come\u00e7ou por volta das 14h40. Raimundo Ribeiro (PPS), suplente de Agaciel Maia (PR); Wellington Luiz (PMDB) e Telma Rufino (sem partido) apresentaram pareceres desfavor\u00e1veis \u00e0 continua\u00e7\u00e3o das investiga\u00e7\u00f5es no Legislativo local. &#8220;A representa\u00e7\u00e3o \u00e9 embasada por processos aos quais Liliane responde na Justi\u00e7a. Assim, ter\u00edamos que aguardar o tr\u00e2nsito em julgado de cada um desses. N\u00e3o podemos levantar suspeitas sobre algu\u00e9m com base, apenas, em acusa\u00e7\u00f5es do Minist\u00e9rio P\u00fablico do DF e Territ\u00f3rios&#8221;, afirmou Ribeiro.<\/p>\n<p>&nbsp;<\/p>\n<p>A ca\u00e7ula de Roriz\u00a0se livrou da condena\u00e7\u00e3o em segunda inst\u00e2ncia pelo\u00a0Tribunal de Justi\u00e7a do DF e Territ\u00f3rios (TJDFT), tamb\u00e9m na tarde desta quarta-feira. Liliane e parentes foram denunciados\u00a0pela suposta participa\u00e7\u00e3o em um\u00a0esquema de facilita\u00e7\u00e3o de empr\u00e9stimos banc\u00e1rios a empres\u00e1rios do setor imobili\u00e1rio em troca de 12 apartamentos em \u00c1guas Claras. Ela ainda responde a\u00a0uma a\u00e7\u00e3o penal no Judici\u00e1rio, pelas mesmas acusa\u00e7\u00f5es.<\/p>\n<p>&nbsp;<\/p>\n<p>O presidente da Comiss\u00e3o, Ricardo Vale (PT), por\u00e9m, votou de forma favor\u00e1vel \u00e0 instaura\u00e7\u00e3o do processo. &#8220;A popula\u00e7\u00e3o do Distrito Federal espera desta Casa a autonomia para apurar, investigar e analisar as acusa\u00e7\u00f5es de corrup\u00e7\u00e3o e quebra de decoro parlamentar, independentemente do andamento de processos no \u00e2mbito judici\u00e1rio. Averiguar n\u00e3o \u00e9 sin\u00f4nimo de condenar&#8221;, alegou. Lira (PHS) se absteve da vota\u00e7\u00e3o.<\/p>\n<p>&nbsp;<\/p>\n<p>A decis\u00e3o da Comiss\u00e3o acata o parecer opinativo do corregedor do Legislativo local, Rafael Prudente (PMDB), que sugerira o arquivamento do pedido de cassa\u00e7\u00e3o at\u00e9 a publica\u00e7\u00e3o dos ac\u00f3rd\u00e3os dos processos aos quais a ca\u00e7ula de Roriz responde.<\/p>\n","protected":false},"excerpt":{"rendered":"<p>Ana Viriato O mandato de Liliane Roriz (PTB) est\u00e1 resguardado. A Comiss\u00e3o de Defesa dos Direitos Humanos, Cidadania, \u00c9tica e Decoro Parlamentar da C\u00e2mara Legislativa determinou, por 3 votos a 1, na tarde desta quarta-feira (19\/10), o arquivamento do pedido de cassa\u00e7\u00e3o da parlamentar, protocolado pela ONG Adote um Distrital, do Instituto de Fiscaliza\u00e7\u00e3o e Controle (IFC). &nbsp; A sess\u00e3o [&hellip;]<\/p>\n","protected":false},"author":9,"featured_media":0,"comment_status":"open","ping_status":"closed","sticky":false,"template":"","format":"standard","meta":{"footnotes":""},"categories":[234],"tags":[],"class_list":["post-6096","post","type-post","status-publish","format-standard","hentry","category-cb-poder"],"_links":{"self":[{"href":"https:\/\/blogs.correiobraziliense.com.br\/cbpoder\/wp-json\/wp\/v2\/posts\/6096","targetHints":{"allow":["GET"]}}],"collection":[{"href":"https:\/\/blogs.correiobraziliense.com.br\/cbpoder\/wp-json\/wp\/v2\/posts"}],"about":[{"href":"https:\/\/blogs.correiobraziliense.com.br\/cbpoder\/wp-json\/wp\/v2\/types\/post"}],"author":[{"embeddable":true,"href":"https:\/\/blogs.correiobraziliense.com.br\/cbpoder\/wp-json\/wp\/v2\/users\/9"}],"replies":[{"embeddable":true,"href":"https:\/\/blogs.correiobraziliense.com.br\/cbpoder\/wp-json\/wp\/v2\/comments?post=6096"}],"version-history":[{"count":1,"href":"https:\/\/blogs.correiobraziliense.com.br\/cbpoder\/wp-json\/wp\/v2\/posts\/6096\/revisions"}],"predecessor-version":[{"id":6097,"href":"https:\/\/blogs.correiobraziliense.com.br\/cbpoder\/wp-json\/wp\/v2\/posts\/6096\/revisions\/6097"}],"wp:attachment":[{"href":"https:\/\/blogs.correiobraziliense.com.br\/cbpoder\/wp-json\/wp\/v2\/media?parent=6096"}],"wp:term":[{"taxonomy":"category","embeddable":true,"href":"https:\/\/blogs.correiobraziliense.com.br\/cbpoder\/wp-json\/wp\/v2\/categories?post=6096"},{"taxonomy":"post_tag","embeddable":true,"href":"https:\/\/blogs.correiobraziliense.com.br\/cbpoder\/wp-json\/wp\/v2\/tags?post=6096"}],"curies":[{"name":"wp","href":"https:\/\/api.w.org\/{rel}","templated":true}]}}