{"id":6058,"date":"2016-10-18T17:06:34","date_gmt":"2016-10-18T19:06:34","guid":{"rendered":"https:\/\/blogs.correiobraziliense.com.br\/cbpoder\/?p=6058"},"modified":"2016-10-18T17:55:32","modified_gmt":"2016-10-18T19:55:32","slug":"tribunal-de-justica-do-df-mantem-celina-leao-afastada-da-presidencia-da-camara-legislativa","status":"publish","type":"post","link":"https:\/\/blogs.correiobraziliense.com.br\/cbpoder\/tribunal-de-justica-do-df-mantem-celina-leao-afastada-da-presidencia-da-camara-legislativa\/","title":{"rendered":"TJ mant\u00e9m Celina Le\u00e3o afastada da presid\u00eancia, mas autoriza volta de outros acusados \u00e0 Mesa Diretora"},"content":{"rendered":"<p><strong>Helena Mader e Ana Viriato<\/strong><\/p>\n<p>Numa vota\u00e7\u00e3o apertad\u00edssima, o Conselho Especial do Tribunal de Justi\u00e7a do Distrito Federal (TJDFT) decidiu manter o afastamento da deputada Celina Le\u00e3o (PPS) da presid\u00eancia da C\u00e2mara Legislativa. O placar ficou em 11 votos a 9.<\/p>\n<p>&nbsp;<\/p>\n<p>Mas os desembargadores votaram pelo retorno dos outros integrantes \u00e0 Mesa Diretora. Dessa forma, Raimundo Ribeiro (PPS), J\u00falio C\u00e9sar (PRB) e Bispo Renato (PR) podem assumir os cargos nas secretarias da Casa. Essa decis\u00e3o ocorreu por 11 votos a 10, j\u00e1 que o presidente da Corte, M\u00e1rio Machado, votou para desempatar o resultado.<\/p>\n<p>&nbsp;<\/p>\n<p>A decis\u00e3o n\u00e3o \u00e9 definitiva, j\u00e1 que a defesa de Celina Le\u00e3o se prepara para apresentar um novo recurso, desta vez ao Superior Tribunal de Justi\u00e7a (STJ). Ainda cabe recurso ao Supremo Tribunal Federal (STF).<\/p>\n<p>&nbsp;<\/p>\n","protected":false},"excerpt":{"rendered":"<p>Helena Mader e Ana Viriato Numa vota\u00e7\u00e3o apertad\u00edssima, o Conselho Especial do Tribunal de Justi\u00e7a do Distrito Federal (TJDFT) decidiu manter o afastamento da deputada Celina Le\u00e3o (PPS) da presid\u00eancia da C\u00e2mara Legislativa. O placar ficou em 11 votos a 9. &nbsp; Mas os desembargadores votaram pelo retorno dos outros integrantes \u00e0 Mesa Diretora. Dessa forma, Raimundo Ribeiro (PPS), J\u00falio [&hellip;]<\/p>\n","protected":false},"author":9,"featured_media":6060,"comment_status":"open","ping_status":"closed","sticky":false,"template":"","format":"standard","meta":{"footnotes":""},"categories":[234],"tags":[],"class_list":["post-6058","post","type-post","status-publish","format-standard","has-post-thumbnail","hentry","category-cb-poder"],"_links":{"self":[{"href":"https:\/\/blogs.correiobraziliense.com.br\/cbpoder\/wp-json\/wp\/v2\/posts\/6058","targetHints":{"allow":["GET"]}}],"collection":[{"href":"https:\/\/blogs.correiobraziliense.com.br\/cbpoder\/wp-json\/wp\/v2\/posts"}],"about":[{"href":"https:\/\/blogs.correiobraziliense.com.br\/cbpoder\/wp-json\/wp\/v2\/types\/post"}],"author":[{"embeddable":true,"href":"https:\/\/blogs.correiobraziliense.com.br\/cbpoder\/wp-json\/wp\/v2\/users\/9"}],"replies":[{"embeddable":true,"href":"https:\/\/blogs.correiobraziliense.com.br\/cbpoder\/wp-json\/wp\/v2\/comments?post=6058"}],"version-history":[{"count":5,"href":"https:\/\/blogs.correiobraziliense.com.br\/cbpoder\/wp-json\/wp\/v2\/posts\/6058\/revisions"}],"predecessor-version":[{"id":6064,"href":"https:\/\/blogs.correiobraziliense.com.br\/cbpoder\/wp-json\/wp\/v2\/posts\/6058\/revisions\/6064"}],"wp:featuredmedia":[{"embeddable":true,"href":"https:\/\/blogs.correiobraziliense.com.br\/cbpoder\/wp-json\/wp\/v2\/media\/6060"}],"wp:attachment":[{"href":"https:\/\/blogs.correiobraziliense.com.br\/cbpoder\/wp-json\/wp\/v2\/media?parent=6058"}],"wp:term":[{"taxonomy":"category","embeddable":true,"href":"https:\/\/blogs.correiobraziliense.com.br\/cbpoder\/wp-json\/wp\/v2\/categories?post=6058"},{"taxonomy":"post_tag","embeddable":true,"href":"https:\/\/blogs.correiobraziliense.com.br\/cbpoder\/wp-json\/wp\/v2\/tags?post=6058"}],"curies":[{"name":"wp","href":"https:\/\/api.w.org\/{rel}","templated":true}]}}