{"id":6045,"date":"2016-10-18T15:11:36","date_gmt":"2016-10-18T17:11:36","guid":{"rendered":"https:\/\/blogs.correiobraziliense.com.br\/cbpoder\/?p=6045"},"modified":"2016-10-19T19:39:15","modified_gmt":"2016-10-19T21:39:15","slug":"relator-vota-pelo-retorno-de-celina-leao-presidencia-mas-placar-esta-em-3x1-pelo-afastamento","status":"publish","type":"post","link":"https:\/\/blogs.correiobraziliense.com.br\/cbpoder\/relator-vota-pelo-retorno-de-celina-leao-presidencia-mas-placar-esta-em-3x1-pelo-afastamento\/","title":{"rendered":"Relator vota pelo retorno de Celina Le\u00e3o \u00e0 presid\u00eancia: acompanhe o julgamento do caso"},"content":{"rendered":"<p><strong>Ana Viriato<\/strong><\/p>\n<p>O relator do processo da Opera\u00e7\u00e3o Dr\u00e1con, desembargador Jos\u00e9 Divino, votou a favor do retorno\u00a0de Celina Le\u00e3o \u00e0\u00a0presid\u00eancia da C\u00e2mara Legislativa. O magistrado, o primeiro a falar na sess\u00e3o desta ter\u00e7a-feira (18\/10), deu aval ao retorno da parlamentar ao comando da Casa. Mas os tr\u00eas desembargadores que votaram na sequ\u00eancia, Humberto Ulh\u00f4a, Roberval Belinatti, e S\u00e9rgio\u00a0Rocha, defenderam a manuten\u00e7\u00e3o do afastamento de Celina Le\u00e3o do cargo.<\/p>\n<p>&nbsp;<\/p>\n<p>Ao todo, 21 desembargadores comp\u00f5em o Conselho Especial do TJ. O quinto a votar foi o desembargador Arnoldo Camanho, que deu provimento ao pedido da defesa de Celina Le\u00e3o.\u00a0Silvanio Barbosa dos Santos tamb\u00e9m acompanhou o relator, mas\u00a0N\u00eddia Correia Lima\u00a0e Simone Lucindo\u00a0seguiram a diverg\u00eancia e defenderam a sa\u00edda da parlamentar do cargo, \u00a0assim como Romeu Gonzaga, Rom\u00e3o C\u00edcero de Oliveira, Ana Maria Amarante,\u00a0Sandra de Santis e de \u00c2ngelo Passareli.<\/p>\n<p>&nbsp;<\/p>\n<p>Get\u00falio de Moraes deu proced\u00eancia ao pedido da defesa, assim como Carmelita Brasil, \u00a0Cruz Macedo,\u00a0Waldir Le\u00f4ncio, Costa Carvalho\u00a0e\u00a0George Lopes Leite. O desembargador\u00a0Mario-Zam Belmiro proferiu votos diferentes nos casos dos recursos de Celina Le\u00e3o e Raimundo Ribeiro. O magistrado defendeu a manuten\u00e7\u00e3o do afastamento da parlamentar, mas autorizou o retorno de Ribeiro e dos outros integrantes da Mesa Diretora aos cargos.<\/p>\n<p>&nbsp;<\/p>\n<p>J\u00e1 o presidente do TJ, M\u00e1rio Machado, s\u00f3 votou no recurso de Raimundo Ribeiro, porque havia ocorrido empate. O magistrado deu provimento ao pedido para que o distrital do PPS voltasse \u00e0 Mesa Diretora, benef\u00edcio que acabou estendido a J\u00falio C\u00e9sar (PRB)\u00a0e\u00a0Bispo Renato (PR).<\/p>\n<p>&nbsp;<\/p>\n<p>&nbsp;<\/p>\n<p>&nbsp;<\/p>\n<p>&nbsp;<\/p>\n<p>&nbsp;<\/p>\n","protected":false},"excerpt":{"rendered":"<p>Ana Viriato O relator do processo da Opera\u00e7\u00e3o Dr\u00e1con, desembargador Jos\u00e9 Divino, votou a favor do retorno\u00a0de Celina Le\u00e3o \u00e0\u00a0presid\u00eancia da C\u00e2mara Legislativa. O magistrado, o primeiro a falar na sess\u00e3o desta ter\u00e7a-feira (18\/10), deu aval ao retorno da parlamentar ao comando da Casa. Mas os tr\u00eas desembargadores que votaram na sequ\u00eancia, Humberto Ulh\u00f4a, Roberval Belinatti, e S\u00e9rgio\u00a0Rocha, defenderam a [&hellip;]<\/p>\n","protected":false},"author":9,"featured_media":6055,"comment_status":"open","ping_status":"open","sticky":false,"template":"","format":"standard","meta":{"footnotes":""},"categories":[234],"tags":[],"class_list":["post-6045","post","type-post","status-publish","format-standard","has-post-thumbnail","hentry","category-cb-poder"],"_links":{"self":[{"href":"https:\/\/blogs.correiobraziliense.com.br\/cbpoder\/wp-json\/wp\/v2\/posts\/6045","targetHints":{"allow":["GET"]}}],"collection":[{"href":"https:\/\/blogs.correiobraziliense.com.br\/cbpoder\/wp-json\/wp\/v2\/posts"}],"about":[{"href":"https:\/\/blogs.correiobraziliense.com.br\/cbpoder\/wp-json\/wp\/v2\/types\/post"}],"author":[{"embeddable":true,"href":"https:\/\/blogs.correiobraziliense.com.br\/cbpoder\/wp-json\/wp\/v2\/users\/9"}],"replies":[{"embeddable":true,"href":"https:\/\/blogs.correiobraziliense.com.br\/cbpoder\/wp-json\/wp\/v2\/comments?post=6045"}],"version-history":[{"count":10,"href":"https:\/\/blogs.correiobraziliense.com.br\/cbpoder\/wp-json\/wp\/v2\/posts\/6045\/revisions"}],"predecessor-version":[{"id":6070,"href":"https:\/\/blogs.correiobraziliense.com.br\/cbpoder\/wp-json\/wp\/v2\/posts\/6045\/revisions\/6070"}],"wp:featuredmedia":[{"embeddable":true,"href":"https:\/\/blogs.correiobraziliense.com.br\/cbpoder\/wp-json\/wp\/v2\/media\/6055"}],"wp:attachment":[{"href":"https:\/\/blogs.correiobraziliense.com.br\/cbpoder\/wp-json\/wp\/v2\/media?parent=6045"}],"wp:term":[{"taxonomy":"category","embeddable":true,"href":"https:\/\/blogs.correiobraziliense.com.br\/cbpoder\/wp-json\/wp\/v2\/categories?post=6045"},{"taxonomy":"post_tag","embeddable":true,"href":"https:\/\/blogs.correiobraziliense.com.br\/cbpoder\/wp-json\/wp\/v2\/tags?post=6045"}],"curies":[{"name":"wp","href":"https:\/\/api.w.org\/{rel}","templated":true}]}}