{"id":5935,"date":"2016-10-11T18:29:07","date_gmt":"2016-10-11T21:29:07","guid":{"rendered":"https:\/\/blogs.correiobraziliense.com.br\/cbpoder\/?p=5935"},"modified":"2016-10-11T18:29:07","modified_gmt":"2016-10-11T21:29:07","slug":"coordenador-da-mister-hyde-fico-na-duvida-se-e-pior-o-homicida-ou-o-cidadao-com-nivel-superior-matando-uma-pessoa-para-ganhar-dinheiro","status":"publish","type":"post","link":"https:\/\/blogs.correiobraziliense.com.br\/cbpoder\/coordenador-da-mister-hyde-fico-na-duvida-se-e-pior-o-homicida-ou-o-cidadao-com-nivel-superior-matando-uma-pessoa-para-ganhar-dinheiro\/","title":{"rendered":"Coordenador da Mister Hyde: &#8220;Fico na d\u00favida se \u00e9 pior o homicida ou o cidad\u00e3o com n\u00edvel superior matando uma pessoa para ganhar dinheiro&#8221;"},"content":{"rendered":"<p>H\u00e1\u00a025 anos no Minist\u00e9rio P\u00fablico do Distrito Federal e dos Territ\u00f3rios, o promotor de Justi\u00e7a Maur\u00edcio Miranda j\u00e1 tocou processos rumorosos, como o julgamento dos jovens que atearam fogo no \u00edndio Galdino Jesus dos Santos e dos executores do ex-ministro do Tribunal Superior Eleitoral (TSE) Jos\u00e9 Guilherme Villela, da mulher dele, Maria Villela, e de uma funcion\u00e1ria da casa, Francisca Nascimento da Silva.<\/p>\n<p>Mas nada foi considerado t\u00e3o forte como a suspeita da exist\u00eancia de uma m\u00e1fia, formada por m\u00e9dicos, de \u00f3rteses e pr\u00f3teses no DF. &#8220;J\u00e1 vi tantos homic\u00eddios, mas se falar em termos de perversidade esse caso da m\u00e1fia das \u00f3rteses e pr\u00f3teses \u00e9 exemplar porque estamos falando de m\u00e9dicos e profissionais que se prop\u00f5em a fazer isso&#8221;, disse o promotor. E acrescentou: &#8220;Fico na d\u00favida quem \u00e9 o pior se \u00e9 o homicida ou o cidad\u00e3o com n\u00edvel superior matando uma pessoa para ganhar dinheiro&#8221;.<\/p>\n<p>O coordenador da Opera\u00e7\u00e3o Mister Hyde foi\u00a0o entrevistado de hoje (11\/10) do programa CB.Poder, que foi ao ar \u00e0s 13h30, na TV Bras\u00edlia.<\/p>\n<p>Veja a \u00edntegra da entrevista:<\/p>\n<p>https:\/\/www.youtube.com\/watch?v=Pebo86JnAjM<\/p>\n<p>https:\/\/www.youtube.com\/watch?v=QYQPaq2eAs8<\/p>\n","protected":false},"excerpt":{"rendered":"<p>H\u00e1\u00a025 anos no Minist\u00e9rio P\u00fablico do Distrito Federal e dos Territ\u00f3rios, o promotor de Justi\u00e7a Maur\u00edcio Miranda j\u00e1 tocou processos rumorosos, como o julgamento dos jovens que atearam fogo no \u00edndio Galdino Jesus dos Santos e dos executores do ex-ministro do Tribunal Superior Eleitoral (TSE) Jos\u00e9 Guilherme Villela, da mulher dele, Maria Villela, e de uma funcion\u00e1ria da casa, Francisca [&hellip;]<\/p>\n","protected":false},"author":9,"featured_media":5936,"comment_status":"open","ping_status":"closed","sticky":false,"template":"","format":"standard","meta":{"footnotes":""},"categories":[234],"tags":[452,451,450,449],"class_list":["post-5935","post","type-post","status-publish","format-standard","has-post-thumbnail","hentry","category-cb-poder","tag-cb-poder","tag-mafia-das-orteses-e-proteses","tag-mauricio-miranda","tag-mister-hyde"],"_links":{"self":[{"href":"https:\/\/blogs.correiobraziliense.com.br\/cbpoder\/wp-json\/wp\/v2\/posts\/5935","targetHints":{"allow":["GET"]}}],"collection":[{"href":"https:\/\/blogs.correiobraziliense.com.br\/cbpoder\/wp-json\/wp\/v2\/posts"}],"about":[{"href":"https:\/\/blogs.correiobraziliense.com.br\/cbpoder\/wp-json\/wp\/v2\/types\/post"}],"author":[{"embeddable":true,"href":"https:\/\/blogs.correiobraziliense.com.br\/cbpoder\/wp-json\/wp\/v2\/users\/9"}],"replies":[{"embeddable":true,"href":"https:\/\/blogs.correiobraziliense.com.br\/cbpoder\/wp-json\/wp\/v2\/comments?post=5935"}],"version-history":[{"count":1,"href":"https:\/\/blogs.correiobraziliense.com.br\/cbpoder\/wp-json\/wp\/v2\/posts\/5935\/revisions"}],"predecessor-version":[{"id":5937,"href":"https:\/\/blogs.correiobraziliense.com.br\/cbpoder\/wp-json\/wp\/v2\/posts\/5935\/revisions\/5937"}],"wp:featuredmedia":[{"embeddable":true,"href":"https:\/\/blogs.correiobraziliense.com.br\/cbpoder\/wp-json\/wp\/v2\/media\/5936"}],"wp:attachment":[{"href":"https:\/\/blogs.correiobraziliense.com.br\/cbpoder\/wp-json\/wp\/v2\/media?parent=5935"}],"wp:term":[{"taxonomy":"category","embeddable":true,"href":"https:\/\/blogs.correiobraziliense.com.br\/cbpoder\/wp-json\/wp\/v2\/categories?post=5935"},{"taxonomy":"post_tag","embeddable":true,"href":"https:\/\/blogs.correiobraziliense.com.br\/cbpoder\/wp-json\/wp\/v2\/tags?post=5935"}],"curies":[{"name":"wp","href":"https:\/\/api.w.org\/{rel}","templated":true}]}}