{"id":5869,"date":"2016-10-04T19:15:29","date_gmt":"2016-10-04T22:15:29","guid":{"rendered":"https:\/\/blogs.correiobraziliense.com.br\/cbpoder\/?p=5869"},"modified":"2016-10-04T19:15:29","modified_gmt":"2016-10-04T22:15:29","slug":"liliane-volta-camara-legislativa-e-confronta-celina-leao","status":"publish","type":"post","link":"https:\/\/blogs.correiobraziliense.com.br\/cbpoder\/liliane-volta-camara-legislativa-e-confronta-celina-leao\/","title":{"rendered":"Liliane volta \u00e0 C\u00e2mara Legislativa e confronta Celina Le\u00e3o"},"content":{"rendered":"<p>Ana Viriato<\/p>\n<p>O clima de tens\u00e3o pairou sobre a C\u00e2mara Legislativa do Distrito Federal nesta ter\u00e7a-feira (4\/10). Quarenta e oito dias ap\u00f3s a divulga\u00e7\u00e3o dos \u00e1udios que desencadearam a deflagra\u00e7\u00e3o da Opera\u00e7\u00e3o Dr\u00e1con, Liliane Roriz (PTB) voltou \u00e0 tribuna da Casa. Ela acompanhou a sess\u00e3o ao lado de Reginaldo Veras (PDT).<\/p>\n<p>Logo ao in\u00edcio da reuni\u00e3o no plen\u00e1rio, Celina Le\u00e3o (PPS) alfinetou a ca\u00e7ula de Roriz. Alegou que \u00a0&#8220;a verdade demora, mas sempre aparece&#8221;. Declarou, ainda, que &#8220;algumas pessoas mentirosas, que t\u00eam um passado obscuro responder\u00e3o pelos atos&#8221;. Ap\u00f3s a fala, a presidente afastada da c\u00fapula da CLDF deixou o plen\u00e1rio.<\/p>\n<p>Momentos depois, Liliane subiu \u00e0 tribuna para emitir o comunicado de l\u00edder. A distrital do PTB utilizou o momento para abordar temas referentes \u00e0 sa\u00fade p\u00fablica brasiliense. &#8220;Falar que esse setor agoniza \u00e0 espera de melhorias j\u00e1 se tornou redundante. Dizer que a sa\u00fade p\u00fablica do Distrito Federal est\u00e1 na UTI \u00e9 quase uma frase feita. E pior: frase feita e sem efeito&#8221;, comentou.<\/p>\n<p>A ca\u00e7ula de Roriz afirmou, tamb\u00e9m, que o papel do legislador \u00e9, al\u00e9m de elaborar leis, fiscalizar o exerc\u00edcio das resolu\u00e7\u00f5es. &#8220;N\u00e3o podemos fechar os olhos para erros que, por ventura, vemos ou sabemos que s\u00e3o cometidos e que podem gerar danos \u00e0 popula\u00e7\u00e3o&#8221;.<\/p>\n<p>Ao final do discurso, Liliane, em refer\u00eancia \u00e0s diversas vezes em que foi chamada de &#8220;picareta&#8221; por Celina Le\u00e3o, disse: &#8220;Conforme descreve o dicion\u00e1rio, a palavra significa &#8216;quem procura aproveitar-se dos outros atrav\u00e9s de enganos e mentiras&#8217;. Isso eu tenho o orgulho de nunca, jamais ter feito&#8221;.<\/p>\n<p>Em rela\u00e7\u00e3o \u00e0s acusa\u00e7\u00f5es entregues ao Minist\u00e9rio P\u00fablico do Distrito Federal e Territ\u00f3rios (MPDFT), ela declarou que &#8220;muita coisa j\u00e1 foi explicada. A maioria delas, por si s\u00f3&#8221;.<\/p>\n<p>Ao <strong>Correio<\/strong>, Liliane Roriz afirmou ter voltado \u00e0 C\u00e2mara Legislativa no &#8220;tempo certo&#8221; e ressaltou n\u00e3o temer retalia\u00e7\u00f5es na Casa. Por\u00e9m, prev\u00ea uma mudan\u00e7a de comportamento no relacionamento com o Executivo. &#8220;Ficarei mais atenta \u00e0s a\u00e7\u00f5es do governador&#8221;, disse.<\/p>\n<p>Entenda o caso<\/p>\n<p>Liliane Roriz grampeou os colegas do Legislativo local durante o per\u00edodo em que ocorria a defini\u00e7\u00e3o do uso de uma emenda parlamentar no valor de R$31 milh\u00f5es. Os \u00e1udios, entregues ao Minist\u00e9rio P\u00fablico do Distrito Federal e Territ\u00f3rios, revelam um suposto esquema de uso do montante para o pagamento de d\u00edvidas do GDF com UTIs mediante o recebimento de propina.<\/p>\n<p>De acordo com as grava\u00e7\u00f5es, o conchavo seria composto pelos integrantes da Mesa Diretora afastada temporariamente pela Justi\u00e7a: Celina Le\u00e3o (PPS), Raimundo Ribeiro (PPS), Bispo Renato Andrade (PSD), J\u00falio Cesar (PRB); al\u00e9m de Cristiano Ara\u00fajo (PSD).<\/p>\n<p>Pedido de cassa\u00e7\u00e3o<br \/>\nO corregedor da C\u00e2mara Legislativa, Rafael Prudente (PMDB), recomendou, na tarde desta segunda-feira (3\/10), \u00e0 Comiss\u00e3o de Direitos Humanos, Cidadania, \u00c9tica e Decoro Parlamentar da Casa, em parecer opinativo, o arquivamento do pedido de cassa\u00e7\u00e3o do mandato da deputada distrital Liliane Roriz (PTB). A representa\u00e7\u00e3o, emitida pela ONG Adote um Distrital, do Instituto de Fiscaliza\u00e7\u00e3o e Controle (IFC), protocolada no Legislativo local em maio deste ano, s\u00f3 come\u00e7ou a tramitar na Casa um dia ap\u00f3s a deflagra\u00e7\u00e3o da Opera\u00e7\u00e3o Dr\u00e1con.<\/p>\n<p>O presidente do Conselho, Ricardo Vale (PT), por\u00e9m pretende dar andamento \u00e0s averigua\u00e7\u00f5es na CLDF. &#8220;O dever da C\u00e2mara \u00e9 investigar. N\u00e3o devemos ter medo de fiscalizar nada. A a\u00e7\u00e3o \u00e9 importante para a transpar\u00eancia da Casa&#8221;, explicou. A Reuni\u00e3o Extraordin\u00e1ria da Comiss\u00e3o de \u00c9tica est\u00e1 prevista para a pr\u00f3xima ter\u00e7a-feira.<\/p>\n","protected":false},"excerpt":{"rendered":"<p>Ana Viriato O clima de tens\u00e3o pairou sobre a C\u00e2mara Legislativa do Distrito Federal nesta ter\u00e7a-feira (4\/10). Quarenta e oito dias ap\u00f3s a divulga\u00e7\u00e3o dos \u00e1udios que desencadearam a deflagra\u00e7\u00e3o da Opera\u00e7\u00e3o Dr\u00e1con, Liliane Roriz (PTB) voltou \u00e0 tribuna da Casa. Ela acompanhou a sess\u00e3o ao lado de Reginaldo Veras (PDT). Logo ao in\u00edcio da reuni\u00e3o no plen\u00e1rio, Celina Le\u00e3o [&hellip;]<\/p>\n","protected":false},"author":9,"featured_media":5870,"comment_status":"open","ping_status":"closed","sticky":false,"template":"","format":"standard","meta":{"footnotes":""},"categories":[234],"tags":[],"class_list":["post-5869","post","type-post","status-publish","format-standard","has-post-thumbnail","hentry","category-cb-poder"],"_links":{"self":[{"href":"https:\/\/blogs.correiobraziliense.com.br\/cbpoder\/wp-json\/wp\/v2\/posts\/5869","targetHints":{"allow":["GET"]}}],"collection":[{"href":"https:\/\/blogs.correiobraziliense.com.br\/cbpoder\/wp-json\/wp\/v2\/posts"}],"about":[{"href":"https:\/\/blogs.correiobraziliense.com.br\/cbpoder\/wp-json\/wp\/v2\/types\/post"}],"author":[{"embeddable":true,"href":"https:\/\/blogs.correiobraziliense.com.br\/cbpoder\/wp-json\/wp\/v2\/users\/9"}],"replies":[{"embeddable":true,"href":"https:\/\/blogs.correiobraziliense.com.br\/cbpoder\/wp-json\/wp\/v2\/comments?post=5869"}],"version-history":[{"count":1,"href":"https:\/\/blogs.correiobraziliense.com.br\/cbpoder\/wp-json\/wp\/v2\/posts\/5869\/revisions"}],"predecessor-version":[{"id":5871,"href":"https:\/\/blogs.correiobraziliense.com.br\/cbpoder\/wp-json\/wp\/v2\/posts\/5869\/revisions\/5871"}],"wp:featuredmedia":[{"embeddable":true,"href":"https:\/\/blogs.correiobraziliense.com.br\/cbpoder\/wp-json\/wp\/v2\/media\/5870"}],"wp:attachment":[{"href":"https:\/\/blogs.correiobraziliense.com.br\/cbpoder\/wp-json\/wp\/v2\/media?parent=5869"}],"wp:term":[{"taxonomy":"category","embeddable":true,"href":"https:\/\/blogs.correiobraziliense.com.br\/cbpoder\/wp-json\/wp\/v2\/categories?post=5869"},{"taxonomy":"post_tag","embeddable":true,"href":"https:\/\/blogs.correiobraziliense.com.br\/cbpoder\/wp-json\/wp\/v2\/tags?post=5869"}],"curies":[{"name":"wp","href":"https:\/\/api.w.org\/{rel}","templated":true}]}}