{"id":5852,"date":"2016-10-04T06:00:07","date_gmt":"2016-10-04T09:00:07","guid":{"rendered":"https:\/\/blogs.correiobraziliense.com.br\/cbpoder\/?p=5852"},"modified":"2016-10-04T10:40:36","modified_gmt":"2016-10-04T13:40:36","slug":"procuradoria-geral-da-republica-arquiva-representacao-contra-rollemberg","status":"publish","type":"post","link":"https:\/\/blogs.correiobraziliense.com.br\/cbpoder\/procuradoria-geral-da-republica-arquiva-representacao-contra-rollemberg\/","title":{"rendered":"Procuradoria-geral da Rep\u00fablica arquiva representa\u00e7\u00e3o contra Rollemberg"},"content":{"rendered":"<div style=\"text-align: left\"><\/div>\n<div>O inqu\u00e9rito que relacionava o governador Rodrigo Rollemberg (PSB) \u00e0s den\u00fancias feitas pela presidente do SindSa\u00fade, Marli Rodrigues, foi arquivado na Procuradoria-geral da Rep\u00fablica (PGR).<\/div>\n<div><\/div>\n<div>Em parecer conclu\u00eddo em 13 de setembro, o vice procurador-geral da Rep\u00fablica, Jos\u00e9 Bonif\u00e1cio Borges de Andrada, concluiu que n\u00e3o h\u00e1 elementos que envolvam qualquer autoridade com foro especial no Superior Tribunal de Justi\u00e7a (STJ), como \u00e9 o caso de governadores. \u201cA simples men\u00e7\u00e3o de seu nome n\u00e3o tem o cond\u00e3o de deslocar a compet\u00eancia para apura\u00e7\u00e3o dos fatos\u201d, ressaltou.<\/div>\n<div><\/div>\n<div>O caso chegou \u00e0 PGR com o in\u00edcio da investiga\u00e7\u00e3o das grava\u00e7\u00f5es da sindicalista no Minist\u00e9rio P\u00fablico do DF, quando surgiram trechos de di\u00e1logos com cita\u00e7\u00f5es a Rollemberg.<\/div>\n<div><\/div>\n<div>Caberia \u00e0 PGR avaliar se h\u00e1 elementos para uma investiga\u00e7\u00e3o ou den\u00fancia contra o governador. No entendimento do vice-procurador-geral da Rep\u00fablica, houve uma evidente tentativa de envolver Rollemberg nas den\u00fancias.<\/div>\n<div><\/div>\n<div>Investiga\u00e7\u00e3o precisa continuar<\/div>\n<div>No parecer, ao qual \u00e0 coluna teve acesso, o vice procurador-geral da Rep\u00fablica, Jos\u00e9 Bonif\u00e1cio Borges de Andradra, aponta: \u201cApesar de refer\u00eancias aos nomes do governador do Distrito Federal e de membro de sua fam\u00edlia, n\u00e3o foram trazidos aos autos quaisquer ind\u00edcios de sua participa\u00e7\u00e3o direta nos fatos narrados e tidos por il\u00edcitos\u201d.<\/div>\n<div><\/div>\n<div>Mas o representante do Minist\u00e9rio P\u00fablico deixa claro que h\u00e1 necessidade de aprofundamento das investiga\u00e7\u00f5es sobre corrup\u00e7\u00e3o na \u00e1rea de sa\u00fade. \u201cH\u00e1 todavia elementos suficientes para que se prossiga na apura\u00e7\u00e3o de alguns dos fatos que teriam resultado em favorecimento indevido a servidores p\u00fablicos, empresas organiza\u00e7\u00f5es sociais e membros da Assembleia Legislativa\u201d.<\/div>\n<div>O caso segue sob investiga\u00e7\u00e3o na chamada Opera\u00e7\u00e3o Dr\u00e1con.<\/div>\n","protected":false},"excerpt":{"rendered":"<p>O inqu\u00e9rito que relacionava o governador Rodrigo Rollemberg (PSB) \u00e0s den\u00fancias feitas pela presidente do SindSa\u00fade, Marli Rodrigues, foi arquivado na Procuradoria-geral da Rep\u00fablica (PGR). Em parecer conclu\u00eddo em 13 de setembro, o vice procurador-geral da Rep\u00fablica, Jos\u00e9 Bonif\u00e1cio Borges de Andrada, concluiu que n\u00e3o h\u00e1 elementos que envolvam qualquer autoridade com foro especial no Superior Tribunal de Justi\u00e7a (STJ), [&hellip;]<\/p>\n","protected":false},"author":9,"featured_media":5853,"comment_status":"open","ping_status":"closed","sticky":false,"template":"","format":"standard","meta":{"footnotes":""},"categories":[234],"tags":[],"class_list":["post-5852","post","type-post","status-publish","format-standard","has-post-thumbnail","hentry","category-cb-poder"],"_links":{"self":[{"href":"https:\/\/blogs.correiobraziliense.com.br\/cbpoder\/wp-json\/wp\/v2\/posts\/5852","targetHints":{"allow":["GET"]}}],"collection":[{"href":"https:\/\/blogs.correiobraziliense.com.br\/cbpoder\/wp-json\/wp\/v2\/posts"}],"about":[{"href":"https:\/\/blogs.correiobraziliense.com.br\/cbpoder\/wp-json\/wp\/v2\/types\/post"}],"author":[{"embeddable":true,"href":"https:\/\/blogs.correiobraziliense.com.br\/cbpoder\/wp-json\/wp\/v2\/users\/9"}],"replies":[{"embeddable":true,"href":"https:\/\/blogs.correiobraziliense.com.br\/cbpoder\/wp-json\/wp\/v2\/comments?post=5852"}],"version-history":[{"count":3,"href":"https:\/\/blogs.correiobraziliense.com.br\/cbpoder\/wp-json\/wp\/v2\/posts\/5852\/revisions"}],"predecessor-version":[{"id":5860,"href":"https:\/\/blogs.correiobraziliense.com.br\/cbpoder\/wp-json\/wp\/v2\/posts\/5852\/revisions\/5860"}],"wp:featuredmedia":[{"embeddable":true,"href":"https:\/\/blogs.correiobraziliense.com.br\/cbpoder\/wp-json\/wp\/v2\/media\/5853"}],"wp:attachment":[{"href":"https:\/\/blogs.correiobraziliense.com.br\/cbpoder\/wp-json\/wp\/v2\/media?parent=5852"}],"wp:term":[{"taxonomy":"category","embeddable":true,"href":"https:\/\/blogs.correiobraziliense.com.br\/cbpoder\/wp-json\/wp\/v2\/categories?post=5852"},{"taxonomy":"post_tag","embeddable":true,"href":"https:\/\/blogs.correiobraziliense.com.br\/cbpoder\/wp-json\/wp\/v2\/tags?post=5852"}],"curies":[{"name":"wp","href":"https:\/\/api.w.org\/{rel}","templated":true}]}}