{"id":5838,"date":"2016-09-29T12:49:12","date_gmt":"2016-09-29T15:49:12","guid":{"rendered":"https:\/\/blogs.correiobraziliense.com.br\/cbpoder\/?p=5838"},"modified":"2016-09-29T12:49:12","modified_gmt":"2016-09-29T15:49:12","slug":"cpi-da-saude-decide-convocar-responsavel-por-oss-que-doou-recursos-campanha-de-rollemberg","status":"publish","type":"post","link":"https:\/\/blogs.correiobraziliense.com.br\/cbpoder\/cpi-da-saude-decide-convocar-responsavel-por-oss-que-doou-recursos-campanha-de-rollemberg\/","title":{"rendered":"CPI da Sa\u00fade decide convocar respons\u00e1vel por OSs que doou recursos \u00e0 campanha de Rollemberg"},"content":{"rendered":"<p>A Comiss\u00e3o Parlamentar de Inqu\u00e9rito (CPI) da Sa\u00fade aprovou, nesta quinta-feira (29\/9), a convoca\u00e7\u00e3o de Mouhamad Moustafa, investigado na Opera\u00e7\u00e3o Maus Caminhos, desencadeada pela Controladoria-Geral da Uni\u00e3o (CGU) e Pol\u00edcia Federal em cinco estados do Brasil. Ele \u00e9 propriet\u00e1rio de duas organiza\u00e7\u00f5es sociais (OSs) situadas no Estado do Amazonas e busca prestar servi\u00e7o, tamb\u00e9m, no Distrito Federal, caso a instala\u00e7\u00e3o do sistema em Bras\u00edlia receba o aval da C\u00e2mara Legislativa.<\/p>\n<p>Segundo investiga\u00e7\u00f5es da PF, as OSs, nomeadas Sociedade Integrada M\u00e9dica do Amazonas (Simea) e Salvare Servi\u00e7os M\u00e9dicos, integrariam um esquema para promover desvios de verbas no Sistema \u00danico de Sa\u00fade (SUS).<\/p>\n<p>As duas entidades realizaram doa\u00e7\u00f5es para a campanha eleitoral de Rodrigo Rollemberg (PSB) em 2015. O montante totalizava R$600 mil. De acordo com o deputado distrital Wasny de Roure (PT), a atitude mostra intimidade entre o atual chefe do poder Executivo e Mouhamad. &#8220;Agora, resta saber se havia interesse por algum retorno no momento da destina\u00e7\u00e3o da verba&#8221;, acrescentou.<\/p>\n<p>Ainda n\u00e3o h\u00e1 data definida para o depoimento.<\/p>\n","protected":false},"excerpt":{"rendered":"<p>A Comiss\u00e3o Parlamentar de Inqu\u00e9rito (CPI) da Sa\u00fade aprovou, nesta quinta-feira (29\/9), a convoca\u00e7\u00e3o de Mouhamad Moustafa, investigado na Opera\u00e7\u00e3o Maus Caminhos, desencadeada pela Controladoria-Geral da Uni\u00e3o (CGU) e Pol\u00edcia Federal em cinco estados do Brasil. Ele \u00e9 propriet\u00e1rio de duas organiza\u00e7\u00f5es sociais (OSs) situadas no Estado do Amazonas e busca prestar servi\u00e7o, tamb\u00e9m, no Distrito Federal, caso a instala\u00e7\u00e3o [&hellip;]<\/p>\n","protected":false},"author":9,"featured_media":5839,"comment_status":"open","ping_status":"closed","sticky":false,"template":"","format":"standard","meta":{"footnotes":""},"categories":[234],"tags":[],"class_list":["post-5838","post","type-post","status-publish","format-standard","has-post-thumbnail","hentry","category-cb-poder"],"_links":{"self":[{"href":"https:\/\/blogs.correiobraziliense.com.br\/cbpoder\/wp-json\/wp\/v2\/posts\/5838","targetHints":{"allow":["GET"]}}],"collection":[{"href":"https:\/\/blogs.correiobraziliense.com.br\/cbpoder\/wp-json\/wp\/v2\/posts"}],"about":[{"href":"https:\/\/blogs.correiobraziliense.com.br\/cbpoder\/wp-json\/wp\/v2\/types\/post"}],"author":[{"embeddable":true,"href":"https:\/\/blogs.correiobraziliense.com.br\/cbpoder\/wp-json\/wp\/v2\/users\/9"}],"replies":[{"embeddable":true,"href":"https:\/\/blogs.correiobraziliense.com.br\/cbpoder\/wp-json\/wp\/v2\/comments?post=5838"}],"version-history":[{"count":1,"href":"https:\/\/blogs.correiobraziliense.com.br\/cbpoder\/wp-json\/wp\/v2\/posts\/5838\/revisions"}],"predecessor-version":[{"id":5840,"href":"https:\/\/blogs.correiobraziliense.com.br\/cbpoder\/wp-json\/wp\/v2\/posts\/5838\/revisions\/5840"}],"wp:featuredmedia":[{"embeddable":true,"href":"https:\/\/blogs.correiobraziliense.com.br\/cbpoder\/wp-json\/wp\/v2\/media\/5839"}],"wp:attachment":[{"href":"https:\/\/blogs.correiobraziliense.com.br\/cbpoder\/wp-json\/wp\/v2\/media?parent=5838"}],"wp:term":[{"taxonomy":"category","embeddable":true,"href":"https:\/\/blogs.correiobraziliense.com.br\/cbpoder\/wp-json\/wp\/v2\/categories?post=5838"},{"taxonomy":"post_tag","embeddable":true,"href":"https:\/\/blogs.correiobraziliense.com.br\/cbpoder\/wp-json\/wp\/v2\/tags?post=5838"}],"curies":[{"name":"wp","href":"https:\/\/api.w.org\/{rel}","templated":true}]}}