{"id":5812,"date":"2016-09-28T11:13:22","date_gmt":"2016-09-28T14:13:22","guid":{"rendered":"https:\/\/blogs.correiobraziliense.com.br\/cbpoder\/?p=5812"},"modified":"2016-09-28T11:13:22","modified_gmt":"2016-09-28T14:13:22","slug":"rollemberg-em-campanha-no-reduto-rorizista-do-entorno","status":"publish","type":"post","link":"https:\/\/blogs.correiobraziliense.com.br\/cbpoder\/rollemberg-em-campanha-no-reduto-rorizista-do-entorno\/","title":{"rendered":"Rollemberg em campanha no reduto rorizista do Entorno"},"content":{"rendered":"<div>\nNa reta final da campanha municipal, o governador Rodrigo Rollemberg (PSB) participou de evento, nesta semana, de apoio ao prefeito Crist\u00f3v\u00e3o Tormin (PSD) que concorre \u00e0 reelei\u00e7\u00e3o no munic\u00edpio de Luzi\u00e2nia, reduto rorizista. Estava acompanhado do deputado Thiago Peixoto (PSD-GO). O principal advers\u00e1rio de Crist\u00f3v\u00e3o \u00e9 o ex-deputado Marcelo Melo (PSDB), da cozinha do ex-governador Joaquim Roriz.<\/div>\n<div><\/div>\n","protected":false},"excerpt":{"rendered":"<p>Na reta final da campanha municipal, o governador Rodrigo Rollemberg (PSB) participou de evento, nesta semana, de apoio ao prefeito Crist\u00f3v\u00e3o Tormin (PSD) que concorre \u00e0 reelei\u00e7\u00e3o no munic\u00edpio de Luzi\u00e2nia, reduto rorizista. Estava acompanhado do deputado Thiago Peixoto (PSD-GO). O principal advers\u00e1rio de Crist\u00f3v\u00e3o \u00e9 o ex-deputado Marcelo Melo (PSDB), da cozinha do ex-governador Joaquim Roriz.<\/p>\n","protected":false},"author":9,"featured_media":5813,"comment_status":"open","ping_status":"closed","sticky":false,"template":"","format":"standard","meta":{"footnotes":""},"categories":[234],"tags":[],"class_list":["post-5812","post","type-post","status-publish","format-standard","has-post-thumbnail","hentry","category-cb-poder"],"_links":{"self":[{"href":"https:\/\/blogs.correiobraziliense.com.br\/cbpoder\/wp-json\/wp\/v2\/posts\/5812","targetHints":{"allow":["GET"]}}],"collection":[{"href":"https:\/\/blogs.correiobraziliense.com.br\/cbpoder\/wp-json\/wp\/v2\/posts"}],"about":[{"href":"https:\/\/blogs.correiobraziliense.com.br\/cbpoder\/wp-json\/wp\/v2\/types\/post"}],"author":[{"embeddable":true,"href":"https:\/\/blogs.correiobraziliense.com.br\/cbpoder\/wp-json\/wp\/v2\/users\/9"}],"replies":[{"embeddable":true,"href":"https:\/\/blogs.correiobraziliense.com.br\/cbpoder\/wp-json\/wp\/v2\/comments?post=5812"}],"version-history":[{"count":1,"href":"https:\/\/blogs.correiobraziliense.com.br\/cbpoder\/wp-json\/wp\/v2\/posts\/5812\/revisions"}],"predecessor-version":[{"id":5814,"href":"https:\/\/blogs.correiobraziliense.com.br\/cbpoder\/wp-json\/wp\/v2\/posts\/5812\/revisions\/5814"}],"wp:featuredmedia":[{"embeddable":true,"href":"https:\/\/blogs.correiobraziliense.com.br\/cbpoder\/wp-json\/wp\/v2\/media\/5813"}],"wp:attachment":[{"href":"https:\/\/blogs.correiobraziliense.com.br\/cbpoder\/wp-json\/wp\/v2\/media?parent=5812"}],"wp:term":[{"taxonomy":"category","embeddable":true,"href":"https:\/\/blogs.correiobraziliense.com.br\/cbpoder\/wp-json\/wp\/v2\/categories?post=5812"},{"taxonomy":"post_tag","embeddable":true,"href":"https:\/\/blogs.correiobraziliense.com.br\/cbpoder\/wp-json\/wp\/v2\/tags?post=5812"}],"curies":[{"name":"wp","href":"https:\/\/api.w.org\/{rel}","templated":true}]}}