{"id":5774,"date":"2016-09-26T11:57:38","date_gmt":"2016-09-26T14:57:38","guid":{"rendered":"https:\/\/blogs.correiobraziliense.com.br\/cbpoder\/?p=5774"},"modified":"2016-09-26T11:57:38","modified_gmt":"2016-09-26T14:57:38","slug":"confira-o-perfil-dos-candidatos-na-disputa-pelo-cargo-de-procurador-geral-de-justica-do-df","status":"publish","type":"post","link":"https:\/\/blogs.correiobraziliense.com.br\/cbpoder\/confira-o-perfil-dos-candidatos-na-disputa-pelo-cargo-de-procurador-geral-de-justica-do-df\/","title":{"rendered":"Confira o perfil dos candidatos na disputa pelo cargo de procurador-geral de Justi\u00e7a do DF"},"content":{"rendered":"<p>O mandato do procurador-geral de Justi\u00e7a do DF, Leonardo Bessa, termina em 5 de dezembro. Quatro promotores de Justi\u00e7a est\u00e3o na disputa pelo comando do Minist\u00e9rio P\u00fablico nos pr\u00f3ximos dois anos. Entre os concorrentes, ser\u00e1 eleita uma lista tr\u00edplice a ser encaminhada ao presidente Michel Temer, que far\u00e1 a nomea\u00e7\u00e3o. Vejam quem s\u00e3o os candidatos:<\/p>\n<p>&nbsp;<\/p>\n<p><strong>Leonardo Bessa<\/strong><br \/>\nConcorre \u00e0 recondu\u00e7\u00e3o. Promotor de Justi\u00e7a desde 1991, foi nomeado como chefe do Minist\u00e9rio P\u00fablico em 2014 pela ent\u00e3o presidente Dilma Rousseff. \u00c9 o titular da Segunda Promotoria de Defesa do Consumidor, \u00e1rea em que se especializou.<\/p>\n<p>&nbsp;<\/p>\n<p><strong>D\u00eanio Augusto<\/strong><br \/>\nPromotor desde 1999, atua hoje na Promotoria de Defesa da Ordem Urban\u00edstica, com o trabalho voltado ao combate \u00e0s ocupa\u00e7\u00f5es irregulares de terras. Foi assessor de pol\u00edticas institucionais da Procuradoria-geral de Justi\u00e7a do DF.<\/p>\n<p>&nbsp;<\/p>\n<p><strong>Ricardo Ant\u00f4nio<\/strong><br \/>\nPromotor desde 2003, atuou na investiga\u00e7\u00e3o sobre irregularidades nos contratos da Universidade de Bras\u00edlia (UnB) com funda\u00e7\u00f5es de apoio. Hoje est\u00e1 lotado na Promotoria de Planaltina, onde atua como coordenador administrativo.<\/p>\n<p>&nbsp;<\/p>\n<p><strong>Nardel Lucas da Silva<\/strong><br \/>\nPromotor de Justi\u00e7a desde 1998, \u00e9 o diretor-geral da Escola Superior do Minist\u00e9rio P\u00fablico do DF, onde atuou tamb\u00e9m como diretor de Ensino e Administrativo-Financeiro. Foi vice-presidente da Associa\u00e7\u00e3o do Minist\u00e9rio P\u00fablico do DF.<\/p>\n","protected":false},"excerpt":{"rendered":"<p>O mandato do procurador-geral de Justi\u00e7a do DF, Leonardo Bessa, termina em 5 de dezembro. Quatro promotores de Justi\u00e7a est\u00e3o na disputa pelo comando do Minist\u00e9rio P\u00fablico nos pr\u00f3ximos dois anos. Entre os concorrentes, ser\u00e1 eleita uma lista tr\u00edplice a ser encaminhada ao presidente Michel Temer, que far\u00e1 a nomea\u00e7\u00e3o. Vejam quem s\u00e3o os candidatos: &nbsp; Leonardo Bessa Concorre \u00e0 [&hellip;]<\/p>\n","protected":false},"author":9,"featured_media":5775,"comment_status":"open","ping_status":"closed","sticky":false,"template":"","format":"standard","meta":{"footnotes":""},"categories":[234],"tags":[],"class_list":["post-5774","post","type-post","status-publish","format-standard","has-post-thumbnail","hentry","category-cb-poder"],"_links":{"self":[{"href":"https:\/\/blogs.correiobraziliense.com.br\/cbpoder\/wp-json\/wp\/v2\/posts\/5774","targetHints":{"allow":["GET"]}}],"collection":[{"href":"https:\/\/blogs.correiobraziliense.com.br\/cbpoder\/wp-json\/wp\/v2\/posts"}],"about":[{"href":"https:\/\/blogs.correiobraziliense.com.br\/cbpoder\/wp-json\/wp\/v2\/types\/post"}],"author":[{"embeddable":true,"href":"https:\/\/blogs.correiobraziliense.com.br\/cbpoder\/wp-json\/wp\/v2\/users\/9"}],"replies":[{"embeddable":true,"href":"https:\/\/blogs.correiobraziliense.com.br\/cbpoder\/wp-json\/wp\/v2\/comments?post=5774"}],"version-history":[{"count":1,"href":"https:\/\/blogs.correiobraziliense.com.br\/cbpoder\/wp-json\/wp\/v2\/posts\/5774\/revisions"}],"predecessor-version":[{"id":5776,"href":"https:\/\/blogs.correiobraziliense.com.br\/cbpoder\/wp-json\/wp\/v2\/posts\/5774\/revisions\/5776"}],"wp:featuredmedia":[{"embeddable":true,"href":"https:\/\/blogs.correiobraziliense.com.br\/cbpoder\/wp-json\/wp\/v2\/media\/5775"}],"wp:attachment":[{"href":"https:\/\/blogs.correiobraziliense.com.br\/cbpoder\/wp-json\/wp\/v2\/media?parent=5774"}],"wp:term":[{"taxonomy":"category","embeddable":true,"href":"https:\/\/blogs.correiobraziliense.com.br\/cbpoder\/wp-json\/wp\/v2\/categories?post=5774"},{"taxonomy":"post_tag","embeddable":true,"href":"https:\/\/blogs.correiobraziliense.com.br\/cbpoder\/wp-json\/wp\/v2\/tags?post=5774"}],"curies":[{"name":"wp","href":"https:\/\/api.w.org\/{rel}","templated":true}]}}