{"id":5767,"date":"2016-09-23T15:33:32","date_gmt":"2016-09-23T18:33:32","guid":{"rendered":"https:\/\/blogs.correiobraziliense.com.br\/cbpoder\/?p=5767"},"modified":"2016-10-19T19:39:18","modified_gmt":"2016-10-19T21:39:18","slug":"arruda-paulo-octavio-e-jose-geraldo-maciel-ficam-em-silencio-durante-depoimento","status":"publish","type":"post","link":"https:\/\/blogs.correiobraziliense.com.br\/cbpoder\/arruda-paulo-octavio-e-jose-geraldo-maciel-ficam-em-silencio-durante-depoimento\/","title":{"rendered":"Arruda, Paulo Oct\u00e1vio e Jos\u00e9 Geraldo Maciel ficam em sil\u00eancio durante depoimento da Pandora"},"content":{"rendered":"<p><strong>Ana Viriato<\/strong><\/p>\n<p>O ex-governador Jos\u00e9 Roberto Arruda, o ex-vice-governador Paulo Oct\u00e1vio e o ex-chefe da Casa Civil Jos\u00e9 Geraldo Maciel preferiram, nesta sexta-feira (23\/9), permanecer em sil\u00eancio no depoimento referente a um dos processos oriundos do esquema conhecido como Caixa de Pandora.<\/p>\n<p>&nbsp;<\/p>\n<p>Nesta a\u00e7\u00e3o, eles s\u00e3o alvos de den\u00fancia por corrup\u00e7\u00e3o passiva. De acordo com a acusa\u00e7\u00e3o do Minist\u00e9rio P\u00fablico do DF e Territ\u00f3rios, os tr\u00eas, al\u00e9m de Marcelo Carvalho, Durval Barbosa e Jos\u00e9 Celso Gontijo, teriam recebido valores indevidos, entre 2006 e 2009, de uma firma que prestava servi\u00e7os de tecnologia a diversos \u00f3rg\u00e3os do DF.\u00a0Segundo a defesa dos acusados, os esclarecimentos ser\u00e3o prestados no interrogat\u00f3rio do processo por forma\u00e7\u00e3o de quadrilha, previsto para 21 de novembro.<\/p>\n","protected":false},"excerpt":{"rendered":"<p>Ana Viriato O ex-governador Jos\u00e9 Roberto Arruda, o ex-vice-governador Paulo Oct\u00e1vio e o ex-chefe da Casa Civil Jos\u00e9 Geraldo Maciel preferiram, nesta sexta-feira (23\/9), permanecer em sil\u00eancio no depoimento referente a um dos processos oriundos do esquema conhecido como Caixa de Pandora. &nbsp; Nesta a\u00e7\u00e3o, eles s\u00e3o alvos de den\u00fancia por corrup\u00e7\u00e3o passiva. De acordo com a acusa\u00e7\u00e3o do Minist\u00e9rio [&hellip;]<\/p>\n","protected":false},"author":9,"featured_media":0,"comment_status":"open","ping_status":"open","sticky":false,"template":"","format":"standard","meta":{"footnotes":""},"categories":[234],"tags":[],"class_list":["post-5767","post","type-post","status-publish","format-standard","hentry","category-cb-poder"],"_links":{"self":[{"href":"https:\/\/blogs.correiobraziliense.com.br\/cbpoder\/wp-json\/wp\/v2\/posts\/5767","targetHints":{"allow":["GET"]}}],"collection":[{"href":"https:\/\/blogs.correiobraziliense.com.br\/cbpoder\/wp-json\/wp\/v2\/posts"}],"about":[{"href":"https:\/\/blogs.correiobraziliense.com.br\/cbpoder\/wp-json\/wp\/v2\/types\/post"}],"author":[{"embeddable":true,"href":"https:\/\/blogs.correiobraziliense.com.br\/cbpoder\/wp-json\/wp\/v2\/users\/9"}],"replies":[{"embeddable":true,"href":"https:\/\/blogs.correiobraziliense.com.br\/cbpoder\/wp-json\/wp\/v2\/comments?post=5767"}],"version-history":[{"count":1,"href":"https:\/\/blogs.correiobraziliense.com.br\/cbpoder\/wp-json\/wp\/v2\/posts\/5767\/revisions"}],"predecessor-version":[{"id":5768,"href":"https:\/\/blogs.correiobraziliense.com.br\/cbpoder\/wp-json\/wp\/v2\/posts\/5767\/revisions\/5768"}],"wp:attachment":[{"href":"https:\/\/blogs.correiobraziliense.com.br\/cbpoder\/wp-json\/wp\/v2\/media?parent=5767"}],"wp:term":[{"taxonomy":"category","embeddable":true,"href":"https:\/\/blogs.correiobraziliense.com.br\/cbpoder\/wp-json\/wp\/v2\/categories?post=5767"},{"taxonomy":"post_tag","embeddable":true,"href":"https:\/\/blogs.correiobraziliense.com.br\/cbpoder\/wp-json\/wp\/v2\/tags?post=5767"}],"curies":[{"name":"wp","href":"https:\/\/api.w.org\/{rel}","templated":true}]}}