{"id":5762,"date":"2016-09-23T11:51:05","date_gmt":"2016-09-23T14:51:05","guid":{"rendered":"https:\/\/blogs.correiobraziliense.com.br\/cbpoder\/?p=5762"},"modified":"2016-09-23T11:51:05","modified_gmt":"2016-09-23T14:51:05","slug":"disputa-aberta-pelo-comando-do-ministerio-publico","status":"publish","type":"post","link":"https:\/\/blogs.correiobraziliense.com.br\/cbpoder\/disputa-aberta-pelo-comando-do-ministerio-publico\/","title":{"rendered":"Disputa aberta pelo comando do Minist\u00e9rio P\u00fablico do DF"},"content":{"rendered":"<p>Come\u00e7ou oficialmente a campanha para a sucess\u00e3o do procurador-geral de Justi\u00e7a do DF, Leonardo Bessa. Ele est\u00e1 na disputa pela recondu\u00e7\u00e3o a mais dois anos de mandato \u00e0 frente do Minist\u00e9rio P\u00fablico do DF. Mas concorre com tr\u00eas colegas: os promotores D\u00eanio Augusto de Oliveira Moura, Ricardo Ant\u00f4nio de Souza e Nardel Lucas da Silva. Entre os quatro candidatos, s\u00f3 um ficar\u00e1 de fora. Ser\u00e1 eleita uma lista tr\u00edplice, em 5 de outubro, a ser encaminhada ao presidente da Rep\u00fablica Michel Temer. A disputa ocorre num momento em que a Procuradoria Geral de Justi\u00e7a do DF realiza a mais importante investiga\u00e7\u00e3o criminal desde a Opera\u00e7\u00e3o Caixa de Pandora: as suspeitas de cobran\u00e7a de propina para aprova\u00e7\u00e3o de emenda parlamentar, que ficou conhecida como UTIGate, e at\u00e9 agora j\u00e1 resultou no afastamento de quatro integrantes da Mesa Diretora da C\u00e2mara Legislativa, inclusive a presidente, Celina Le\u00e3o (PPS).<\/p>\n<p>&nbsp;<\/p>\n<p><strong>Trabalho continua, mas equipe pode mudar<\/strong><br \/>\nIndependentemente do resultado da disputa interna, a investiga\u00e7\u00e3o da Opera\u00e7\u00e3o Dr\u00e1con continua. Um recuo n\u00e3o seria aceito pelos integrantes do Minist\u00e9rio P\u00fablico do DF. Mas cada procurador-geral de Justi\u00e7a tem a prerrogativa de escolher a sua equipe na assessoria criminal, na intelig\u00eancia e na coordena\u00e7\u00e3o do Grupo de Atua\u00e7\u00e3o Especial de Combate ao Crime Organizado (Gaeco).<\/p>\n","protected":false},"excerpt":{"rendered":"<p>Come\u00e7ou oficialmente a campanha para a sucess\u00e3o do procurador-geral de Justi\u00e7a do DF, Leonardo Bessa. Ele est\u00e1 na disputa pela recondu\u00e7\u00e3o a mais dois anos de mandato \u00e0 frente do Minist\u00e9rio P\u00fablico do DF. Mas concorre com tr\u00eas colegas: os promotores D\u00eanio Augusto de Oliveira Moura, Ricardo Ant\u00f4nio de Souza e Nardel Lucas da Silva. Entre os quatro candidatos, s\u00f3 [&hellip;]<\/p>\n","protected":false},"author":9,"featured_media":5763,"comment_status":"open","ping_status":"closed","sticky":false,"template":"","format":"standard","meta":{"footnotes":""},"categories":[234],"tags":[],"class_list":["post-5762","post","type-post","status-publish","format-standard","has-post-thumbnail","hentry","category-cb-poder"],"_links":{"self":[{"href":"https:\/\/blogs.correiobraziliense.com.br\/cbpoder\/wp-json\/wp\/v2\/posts\/5762","targetHints":{"allow":["GET"]}}],"collection":[{"href":"https:\/\/blogs.correiobraziliense.com.br\/cbpoder\/wp-json\/wp\/v2\/posts"}],"about":[{"href":"https:\/\/blogs.correiobraziliense.com.br\/cbpoder\/wp-json\/wp\/v2\/types\/post"}],"author":[{"embeddable":true,"href":"https:\/\/blogs.correiobraziliense.com.br\/cbpoder\/wp-json\/wp\/v2\/users\/9"}],"replies":[{"embeddable":true,"href":"https:\/\/blogs.correiobraziliense.com.br\/cbpoder\/wp-json\/wp\/v2\/comments?post=5762"}],"version-history":[{"count":1,"href":"https:\/\/blogs.correiobraziliense.com.br\/cbpoder\/wp-json\/wp\/v2\/posts\/5762\/revisions"}],"predecessor-version":[{"id":5764,"href":"https:\/\/blogs.correiobraziliense.com.br\/cbpoder\/wp-json\/wp\/v2\/posts\/5762\/revisions\/5764"}],"wp:featuredmedia":[{"embeddable":true,"href":"https:\/\/blogs.correiobraziliense.com.br\/cbpoder\/wp-json\/wp\/v2\/media\/5763"}],"wp:attachment":[{"href":"https:\/\/blogs.correiobraziliense.com.br\/cbpoder\/wp-json\/wp\/v2\/media?parent=5762"}],"wp:term":[{"taxonomy":"category","embeddable":true,"href":"https:\/\/blogs.correiobraziliense.com.br\/cbpoder\/wp-json\/wp\/v2\/categories?post=5762"},{"taxonomy":"post_tag","embeddable":true,"href":"https:\/\/blogs.correiobraziliense.com.br\/cbpoder\/wp-json\/wp\/v2\/tags?post=5762"}],"curies":[{"name":"wp","href":"https:\/\/api.w.org\/{rel}","templated":true}]}}