{"id":5757,"date":"2016-09-22T11:46:48","date_gmt":"2016-09-22T14:46:48","guid":{"rendered":"https:\/\/blogs.correiobraziliense.com.br\/cbpoder\/?p=5757"},"modified":"2016-09-22T11:33:36","modified_gmt":"2016-09-22T14:33:36","slug":"de-olho-em-2018-grupo-de-celina-leao-quer-afastar-denuncias-para-organizar-projeto-eleitoral","status":"publish","type":"post","link":"https:\/\/blogs.correiobraziliense.com.br\/cbpoder\/de-olho-em-2018-grupo-de-celina-leao-quer-afastar-denuncias-para-organizar-projeto-eleitoral\/","title":{"rendered":"De olho em 2018, grupo de Celina Le\u00e3o quer afastar den\u00fancias para organizar projeto eleitoral"},"content":{"rendered":"<p>A suspeita de corrup\u00e7\u00e3o na aprova\u00e7\u00e3o de uma emenda parlamentar tem mobilizado o mundo pol\u00edtico. A presidente afastada da C\u00e2mara Legislativa Celina Le\u00e3o (PPS) representa o nome para concorrer ao Pal\u00e1cio do Buriti na oposi\u00e7\u00e3o ao governador Rodrigo Rollemberg nas pr\u00f3ximas elei\u00e7\u00f5es. Bonita, carism\u00e1tica e com um forte discurso de renova\u00e7\u00e3o, Celina tem o apoio de grupos sem o espa\u00e7o que gostariam na atual gest\u00e3o. Derrubar as suspeitas que pairam contra Celina desde a divulga\u00e7\u00e3o de grava\u00e7\u00f5es feitas pela deputada Liliane Roriz (PTB) se torna imprescind\u00edvel para a vit\u00f3ria desse grupo. Para isso, Celina escolheu uma equipe profissional que abarca imagem, defesa jur\u00eddica e informa\u00e7\u00e3o de bastidores.<\/p>\n<p>&nbsp;<\/p>\n<p><strong>Todos juntos<\/strong><br \/>\nAl\u00e9m do apoio de figuras da oposi\u00e7\u00e3o a Rodrigo Rollemberg, Celina Le\u00e3o chega nas pr\u00f3ximas elei\u00e7\u00f5es com o charme da parceria pol\u00edtica um importante aliado do atual governador, o senador Cristovam Buarque (PPS). Os dois sa\u00edram juntos do PDT e migraram para o PPS. Afastada do cargo por decis\u00e3o judicial, Celina conta com o voto de confian\u00e7a de Cristovam. Ela consegue, assim, o que ningu\u00e9m chegou perto de alcan\u00e7ar no DF: unir o apoio de Cristovam ao de grupos rorizistas, ligados a Luiz Estev\u00e3o e ao governo de Jos\u00e9 Roberto Arruda. Aliada do deputado Raimundo Ribeiro (PPS) e servidora da C\u00e2mara Legislativa, a ex-governadora Maria de Lourdes Abadia tamb\u00e9m \u00e9 pr\u00f3xima.<\/p>\n<p>&nbsp;<\/p>\n<p><strong>Afastamento<\/strong><br \/>\nCelina Le\u00e3o entrou no PDT com o apoio do senador Jos\u00e9 Ant\u00f4nio Reguffe, que se elegeu pelo partido, na coliga\u00e7\u00e3o liderada pelo governador Rodrigo Rollemberg. Reguffe reconheceu na deputada distrital, pela proje\u00e7\u00e3o que tomou na oposi\u00e7\u00e3o a Agnelo Queiroz, na legislatura anterior, um nome novo para a pol\u00edtica. Mas, antes mesmo das suspeitas levantadas na Opera\u00e7\u00e3o Dr\u00e1con, Reguffe se afastou. Ele saiu do PDT, est\u00e1 sem partido e tem tocado o mandato quase solit\u00e1rio. Os dois se afastaram quando Reguffe deu uma declara\u00e7\u00e3o \u00e0 coluna contra a aprova\u00e7\u00e3o do projeto de emenda \u00e0 reelei\u00e7\u00e3o.<\/p>\n","protected":false},"excerpt":{"rendered":"<p>A suspeita de corrup\u00e7\u00e3o na aprova\u00e7\u00e3o de uma emenda parlamentar tem mobilizado o mundo pol\u00edtico. A presidente afastada da C\u00e2mara Legislativa Celina Le\u00e3o (PPS) representa o nome para concorrer ao Pal\u00e1cio do Buriti na oposi\u00e7\u00e3o ao governador Rodrigo Rollemberg nas pr\u00f3ximas elei\u00e7\u00f5es. Bonita, carism\u00e1tica e com um forte discurso de renova\u00e7\u00e3o, Celina tem o apoio de grupos sem o espa\u00e7o [&hellip;]<\/p>\n","protected":false},"author":9,"featured_media":5326,"comment_status":"open","ping_status":"closed","sticky":false,"template":"","format":"standard","meta":{"footnotes":""},"categories":[234],"tags":[],"class_list":["post-5757","post","type-post","status-publish","format-standard","has-post-thumbnail","hentry","category-cb-poder"],"_links":{"self":[{"href":"https:\/\/blogs.correiobraziliense.com.br\/cbpoder\/wp-json\/wp\/v2\/posts\/5757","targetHints":{"allow":["GET"]}}],"collection":[{"href":"https:\/\/blogs.correiobraziliense.com.br\/cbpoder\/wp-json\/wp\/v2\/posts"}],"about":[{"href":"https:\/\/blogs.correiobraziliense.com.br\/cbpoder\/wp-json\/wp\/v2\/types\/post"}],"author":[{"embeddable":true,"href":"https:\/\/blogs.correiobraziliense.com.br\/cbpoder\/wp-json\/wp\/v2\/users\/9"}],"replies":[{"embeddable":true,"href":"https:\/\/blogs.correiobraziliense.com.br\/cbpoder\/wp-json\/wp\/v2\/comments?post=5757"}],"version-history":[{"count":1,"href":"https:\/\/blogs.correiobraziliense.com.br\/cbpoder\/wp-json\/wp\/v2\/posts\/5757\/revisions"}],"predecessor-version":[{"id":5758,"href":"https:\/\/blogs.correiobraziliense.com.br\/cbpoder\/wp-json\/wp\/v2\/posts\/5757\/revisions\/5758"}],"wp:featuredmedia":[{"embeddable":true,"href":"https:\/\/blogs.correiobraziliense.com.br\/cbpoder\/wp-json\/wp\/v2\/media\/5326"}],"wp:attachment":[{"href":"https:\/\/blogs.correiobraziliense.com.br\/cbpoder\/wp-json\/wp\/v2\/media?parent=5757"}],"wp:term":[{"taxonomy":"category","embeddable":true,"href":"https:\/\/blogs.correiobraziliense.com.br\/cbpoder\/wp-json\/wp\/v2\/categories?post=5757"},{"taxonomy":"post_tag","embeddable":true,"href":"https:\/\/blogs.correiobraziliense.com.br\/cbpoder\/wp-json\/wp\/v2\/tags?post=5757"}],"curies":[{"name":"wp","href":"https:\/\/api.w.org\/{rel}","templated":true}]}}