{"id":5754,"date":"2016-09-22T11:29:32","date_gmt":"2016-09-22T14:29:32","guid":{"rendered":"https:\/\/blogs.correiobraziliense.com.br\/cbpoder\/?p=5754"},"modified":"2016-09-22T11:29:32","modified_gmt":"2016-09-22T14:29:32","slug":"para-pacificar-seguranca-mp-suspende-recebimento-de-termos-circunstanciados-pela-pm","status":"publish","type":"post","link":"https:\/\/blogs.correiobraziliense.com.br\/cbpoder\/para-pacificar-seguranca-mp-suspende-recebimento-de-termos-circunstanciados-pela-pm\/","title":{"rendered":"Para pacificar seguran\u00e7a, MP suspende recebimento de termos circunstanciados pela PM"},"content":{"rendered":"<p>Depois de entrar na discuss\u00e3o sobre o reajuste de policiais civis, o Minist\u00e9rio P\u00fablico do Distrito Federal deu mais uma importante contribui\u00e7\u00e3o para tentar resolver o embate entre as for\u00e7as de seguran\u00e7a no DF, ao decidir suspender o recebimento de Termos Circunstanciados (TCs) lavrados pela Pol\u00edcia Militar. O Minist\u00e9rio P\u00fablico \u00e9 claramente favor\u00e1vel \u00e0 medida e j\u00e1 queria implantar projetos pilotos em cidades para que policiais militares passassem a se responsabilizar por crimes de menor potencial ofensivo, mas avalia que o momento n\u00e3o \u00e9 o melhor para dar a largada nessa iniciativa. O risco \u00e9 de guerra nas ruas do DF entre a PM e delegados que reivindicam a prerrogativa exclusiva. Por isso, a Procuradoria-geral de Justi\u00e7a do DF preferiu aguardar um posicionamento claro da Justi\u00e7a, na esperan\u00e7a de pacificar a quest\u00e3o.<\/p>\n","protected":false},"excerpt":{"rendered":"<p>Depois de entrar na discuss\u00e3o sobre o reajuste de policiais civis, o Minist\u00e9rio P\u00fablico do Distrito Federal deu mais uma importante contribui\u00e7\u00e3o para tentar resolver o embate entre as for\u00e7as de seguran\u00e7a no DF, ao decidir suspender o recebimento de Termos Circunstanciados (TCs) lavrados pela Pol\u00edcia Militar. O Minist\u00e9rio P\u00fablico \u00e9 claramente favor\u00e1vel \u00e0 medida e j\u00e1 queria implantar projetos [&hellip;]<\/p>\n","protected":false},"author":9,"featured_media":5755,"comment_status":"open","ping_status":"closed","sticky":false,"template":"","format":"standard","meta":{"footnotes":""},"categories":[234],"tags":[],"class_list":["post-5754","post","type-post","status-publish","format-standard","has-post-thumbnail","hentry","category-cb-poder"],"_links":{"self":[{"href":"https:\/\/blogs.correiobraziliense.com.br\/cbpoder\/wp-json\/wp\/v2\/posts\/5754","targetHints":{"allow":["GET"]}}],"collection":[{"href":"https:\/\/blogs.correiobraziliense.com.br\/cbpoder\/wp-json\/wp\/v2\/posts"}],"about":[{"href":"https:\/\/blogs.correiobraziliense.com.br\/cbpoder\/wp-json\/wp\/v2\/types\/post"}],"author":[{"embeddable":true,"href":"https:\/\/blogs.correiobraziliense.com.br\/cbpoder\/wp-json\/wp\/v2\/users\/9"}],"replies":[{"embeddable":true,"href":"https:\/\/blogs.correiobraziliense.com.br\/cbpoder\/wp-json\/wp\/v2\/comments?post=5754"}],"version-history":[{"count":1,"href":"https:\/\/blogs.correiobraziliense.com.br\/cbpoder\/wp-json\/wp\/v2\/posts\/5754\/revisions"}],"predecessor-version":[{"id":5756,"href":"https:\/\/blogs.correiobraziliense.com.br\/cbpoder\/wp-json\/wp\/v2\/posts\/5754\/revisions\/5756"}],"wp:featuredmedia":[{"embeddable":true,"href":"https:\/\/blogs.correiobraziliense.com.br\/cbpoder\/wp-json\/wp\/v2\/media\/5755"}],"wp:attachment":[{"href":"https:\/\/blogs.correiobraziliense.com.br\/cbpoder\/wp-json\/wp\/v2\/media?parent=5754"}],"wp:term":[{"taxonomy":"category","embeddable":true,"href":"https:\/\/blogs.correiobraziliense.com.br\/cbpoder\/wp-json\/wp\/v2\/categories?post=5754"},{"taxonomy":"post_tag","embeddable":true,"href":"https:\/\/blogs.correiobraziliense.com.br\/cbpoder\/wp-json\/wp\/v2\/tags?post=5754"}],"curies":[{"name":"wp","href":"https:\/\/api.w.org\/{rel}","templated":true}]}}