{"id":5752,"date":"2016-09-21T17:27:36","date_gmt":"2016-09-21T20:27:36","guid":{"rendered":"https:\/\/blogs.correiobraziliense.com.br\/cbpoder\/?p=5752"},"modified":"2016-09-21T17:27:36","modified_gmt":"2016-09-21T20:27:36","slug":"decisao-do-tcu-facilita-contratos-de-os-na-area-de-saude","status":"publish","type":"post","link":"https:\/\/blogs.correiobraziliense.com.br\/cbpoder\/decisao-do-tcu-facilita-contratos-de-os-na-area-de-saude\/","title":{"rendered":"Decis\u00e3o do TCU facilita contratos de OS na \u00e1rea de sa\u00fade"},"content":{"rendered":"<p>Por unanimidade, o Tribunal de Contas da Uni\u00e3o (TCU) decidiu nesta tarde (22) que as despesas com contrata\u00e7\u00e3o de profissionais por meio de organiza\u00e7\u00f5es sociais n\u00e3o entram nos limites impostos para pessoal pela Lei de Responsabilidade Fiscal (LRF).<\/p>\n<p>Essa \u00e9 uma importante vit\u00f3ria do governo de Rodrigo Rollemberg que vive uma queda de bra\u00e7o com sindicatos sobre o assunto. O secret\u00e1rio de Sa\u00fade, Humberto Fonseca, acompanhou a sess\u00e3o.<\/p>\n<p>O processo foi relatado pelo ministro Bruno Dantas.<\/p>\n","protected":false},"excerpt":{"rendered":"<p>Por unanimidade, o Tribunal de Contas da Uni\u00e3o (TCU) decidiu nesta tarde (22) que as despesas com contrata\u00e7\u00e3o de profissionais por meio de organiza\u00e7\u00f5es sociais n\u00e3o entram nos limites impostos para pessoal pela Lei de Responsabilidade Fiscal (LRF). Essa \u00e9 uma importante vit\u00f3ria do governo de Rodrigo Rollemberg que vive uma queda de bra\u00e7o com sindicatos sobre o assunto. O [&hellip;]<\/p>\n","protected":false},"author":9,"featured_media":0,"comment_status":"open","ping_status":"closed","sticky":false,"template":"","format":"standard","meta":{"footnotes":""},"categories":[234],"tags":[],"class_list":["post-5752","post","type-post","status-publish","format-standard","hentry","category-cb-poder"],"_links":{"self":[{"href":"https:\/\/blogs.correiobraziliense.com.br\/cbpoder\/wp-json\/wp\/v2\/posts\/5752","targetHints":{"allow":["GET"]}}],"collection":[{"href":"https:\/\/blogs.correiobraziliense.com.br\/cbpoder\/wp-json\/wp\/v2\/posts"}],"about":[{"href":"https:\/\/blogs.correiobraziliense.com.br\/cbpoder\/wp-json\/wp\/v2\/types\/post"}],"author":[{"embeddable":true,"href":"https:\/\/blogs.correiobraziliense.com.br\/cbpoder\/wp-json\/wp\/v2\/users\/9"}],"replies":[{"embeddable":true,"href":"https:\/\/blogs.correiobraziliense.com.br\/cbpoder\/wp-json\/wp\/v2\/comments?post=5752"}],"version-history":[{"count":1,"href":"https:\/\/blogs.correiobraziliense.com.br\/cbpoder\/wp-json\/wp\/v2\/posts\/5752\/revisions"}],"predecessor-version":[{"id":5753,"href":"https:\/\/blogs.correiobraziliense.com.br\/cbpoder\/wp-json\/wp\/v2\/posts\/5752\/revisions\/5753"}],"wp:attachment":[{"href":"https:\/\/blogs.correiobraziliense.com.br\/cbpoder\/wp-json\/wp\/v2\/media?parent=5752"}],"wp:term":[{"taxonomy":"category","embeddable":true,"href":"https:\/\/blogs.correiobraziliense.com.br\/cbpoder\/wp-json\/wp\/v2\/categories?post=5752"},{"taxonomy":"post_tag","embeddable":true,"href":"https:\/\/blogs.correiobraziliense.com.br\/cbpoder\/wp-json\/wp\/v2\/tags?post=5752"}],"curies":[{"name":"wp","href":"https:\/\/api.w.org\/{rel}","templated":true}]}}