{"id":5748,"date":"2016-09-21T15:28:44","date_gmt":"2016-09-21T18:28:44","guid":{"rendered":"https:\/\/blogs.correiobraziliense.com.br\/cbpoder\/?p=5748"},"modified":"2016-10-19T19:39:19","modified_gmt":"2016-10-19T21:39:19","slug":"procuradoria-da-camara-libera-processos-de-cassacao-que-agora-seguem-para-mesa-diretora","status":"publish","type":"post","link":"https:\/\/blogs.correiobraziliense.com.br\/cbpoder\/procuradoria-da-camara-libera-processos-de-cassacao-que-agora-seguem-para-mesa-diretora\/","title":{"rendered":"Procuradoria da C\u00e2mara libera processos de cassa\u00e7\u00e3o, que agora seguem para a Mesa Diretora"},"content":{"rendered":"<p><strong>Ana Viriato<\/strong><\/p>\n<p>A Procuradoria da C\u00e2mara Legislativa emitiu, nesta quarta-feira (21\/09) parecer favor\u00e1vel \u00e0 admissibilidade dos \u00faltimos pedidos de cassa\u00e7\u00e3o dos mandatos dos deputados supostamente envolvidos no esquema UTIgate. As representa\u00e7\u00f5es foram registradas em 25 de agosto por integrantes da Uni\u00e3o dos Auditores Federais de Controle Externo do Tribunal de Contas da Uni\u00e3o (Auditar), do Observat\u00f3rio Social de Bras\u00edlia e do Instituto de Fiscaliza\u00e7\u00e3o e Controle (IFC).\u00a0S\u00e3o alvos do of\u00edcio os membros afastados da Mesa Diretora: Celina Le\u00e3o (PPS), Bispo Renato Andrade (PR), Julio Cesar (PRB) e Raimundo Ribeiro (PPS); al\u00e9m de Cristiano Ara\u00fajo (PSD).<br \/>\nO andamento dos documentos depende da c\u00fapula em exerc\u00edcio, composta por Juarez\u00e3o (PSB), Agaciel Maia (PR), Lira (PHS) e Rodrigo Delmasso (PTN).\u00a0Desde a divulga\u00e7\u00e3o dos \u00e1udios de Liliane Roriz (PTB), nos quais h\u00e1 a revela\u00e7\u00e3o de um suposto esquema de uso de sobras de emenda parlamentar da CLDF para o pagamento de d\u00edvidas do governo com UTIs, mediante o recebimento de propina, entidades da sociedade civil e partidos pol\u00edticos protocolaram 11 pedidos de cassa\u00e7\u00e3o. Todas as solicita\u00e7\u00f5es receberam parecer positivo do Legislativo local e encontram-se nas gavetas da Mesa Diretora interina.<\/p>\n<p>&nbsp;<\/p>\n","protected":false},"excerpt":{"rendered":"<p>Ana Viriato A Procuradoria da C\u00e2mara Legislativa emitiu, nesta quarta-feira (21\/09) parecer favor\u00e1vel \u00e0 admissibilidade dos \u00faltimos pedidos de cassa\u00e7\u00e3o dos mandatos dos deputados supostamente envolvidos no esquema UTIgate. As representa\u00e7\u00f5es foram registradas em 25 de agosto por integrantes da Uni\u00e3o dos Auditores Federais de Controle Externo do Tribunal de Contas da Uni\u00e3o (Auditar), do Observat\u00f3rio Social de Bras\u00edlia e [&hellip;]<\/p>\n","protected":false},"author":9,"featured_media":0,"comment_status":"open","ping_status":"open","sticky":false,"template":"","format":"standard","meta":{"footnotes":""},"categories":[234],"tags":[],"class_list":["post-5748","post","type-post","status-publish","format-standard","hentry","category-cb-poder"],"_links":{"self":[{"href":"https:\/\/blogs.correiobraziliense.com.br\/cbpoder\/wp-json\/wp\/v2\/posts\/5748","targetHints":{"allow":["GET"]}}],"collection":[{"href":"https:\/\/blogs.correiobraziliense.com.br\/cbpoder\/wp-json\/wp\/v2\/posts"}],"about":[{"href":"https:\/\/blogs.correiobraziliense.com.br\/cbpoder\/wp-json\/wp\/v2\/types\/post"}],"author":[{"embeddable":true,"href":"https:\/\/blogs.correiobraziliense.com.br\/cbpoder\/wp-json\/wp\/v2\/users\/9"}],"replies":[{"embeddable":true,"href":"https:\/\/blogs.correiobraziliense.com.br\/cbpoder\/wp-json\/wp\/v2\/comments?post=5748"}],"version-history":[{"count":2,"href":"https:\/\/blogs.correiobraziliense.com.br\/cbpoder\/wp-json\/wp\/v2\/posts\/5748\/revisions"}],"predecessor-version":[{"id":5750,"href":"https:\/\/blogs.correiobraziliense.com.br\/cbpoder\/wp-json\/wp\/v2\/posts\/5748\/revisions\/5750"}],"wp:attachment":[{"href":"https:\/\/blogs.correiobraziliense.com.br\/cbpoder\/wp-json\/wp\/v2\/media?parent=5748"}],"wp:term":[{"taxonomy":"category","embeddable":true,"href":"https:\/\/blogs.correiobraziliense.com.br\/cbpoder\/wp-json\/wp\/v2\/categories?post=5748"},{"taxonomy":"post_tag","embeddable":true,"href":"https:\/\/blogs.correiobraziliense.com.br\/cbpoder\/wp-json\/wp\/v2\/tags?post=5748"}],"curies":[{"name":"wp","href":"https:\/\/api.w.org\/{rel}","templated":true}]}}