{"id":5746,"date":"2016-09-21T13:31:04","date_gmt":"2016-09-21T16:31:04","guid":{"rendered":"https:\/\/blogs.correiobraziliense.com.br\/cbpoder\/?p=5746"},"modified":"2016-09-21T11:32:25","modified_gmt":"2016-09-21T14:32:25","slug":"liliane-roriz-apresenta-mais-um-atestado-medico-e-nao-volta-camara-legislativa","status":"publish","type":"post","link":"https:\/\/blogs.correiobraziliense.com.br\/cbpoder\/liliane-roriz-apresenta-mais-um-atestado-medico-e-nao-volta-camara-legislativa\/","title":{"rendered":"Liliane Roriz apresenta mais um atestado m\u00e9dico e n\u00e3o volta \u00e0 C\u00e2mara Legislativa"},"content":{"rendered":"<p>A deputada Liliane Roriz (PTB) apresentou nova licen\u00e7a m\u00e9dica ontem e vai ficar pelo menos mais uma semana afastada da C\u00e2mara Legislativa. Depois que vieram \u00e0 tona as grava\u00e7\u00f5es que respaldaram a Opera\u00e7\u00e3o Dr\u00e1con, a distrital n\u00e3o voltou mais ao gabinete.<\/p>\n","protected":false},"excerpt":{"rendered":"<p>A deputada Liliane Roriz (PTB) apresentou nova licen\u00e7a m\u00e9dica ontem e vai ficar pelo menos mais uma semana afastada da C\u00e2mara Legislativa. Depois que vieram \u00e0 tona as grava\u00e7\u00f5es que respaldaram a Opera\u00e7\u00e3o Dr\u00e1con, a distrital n\u00e3o voltou mais ao gabinete.<\/p>\n","protected":false},"author":9,"featured_media":5449,"comment_status":"open","ping_status":"closed","sticky":false,"template":"","format":"standard","meta":{"footnotes":""},"categories":[234],"tags":[],"class_list":["post-5746","post","type-post","status-publish","format-standard","has-post-thumbnail","hentry","category-cb-poder"],"_links":{"self":[{"href":"https:\/\/blogs.correiobraziliense.com.br\/cbpoder\/wp-json\/wp\/v2\/posts\/5746","targetHints":{"allow":["GET"]}}],"collection":[{"href":"https:\/\/blogs.correiobraziliense.com.br\/cbpoder\/wp-json\/wp\/v2\/posts"}],"about":[{"href":"https:\/\/blogs.correiobraziliense.com.br\/cbpoder\/wp-json\/wp\/v2\/types\/post"}],"author":[{"embeddable":true,"href":"https:\/\/blogs.correiobraziliense.com.br\/cbpoder\/wp-json\/wp\/v2\/users\/9"}],"replies":[{"embeddable":true,"href":"https:\/\/blogs.correiobraziliense.com.br\/cbpoder\/wp-json\/wp\/v2\/comments?post=5746"}],"version-history":[{"count":1,"href":"https:\/\/blogs.correiobraziliense.com.br\/cbpoder\/wp-json\/wp\/v2\/posts\/5746\/revisions"}],"predecessor-version":[{"id":5747,"href":"https:\/\/blogs.correiobraziliense.com.br\/cbpoder\/wp-json\/wp\/v2\/posts\/5746\/revisions\/5747"}],"wp:featuredmedia":[{"embeddable":true,"href":"https:\/\/blogs.correiobraziliense.com.br\/cbpoder\/wp-json\/wp\/v2\/media\/5449"}],"wp:attachment":[{"href":"https:\/\/blogs.correiobraziliense.com.br\/cbpoder\/wp-json\/wp\/v2\/media?parent=5746"}],"wp:term":[{"taxonomy":"category","embeddable":true,"href":"https:\/\/blogs.correiobraziliense.com.br\/cbpoder\/wp-json\/wp\/v2\/categories?post=5746"},{"taxonomy":"post_tag","embeddable":true,"href":"https:\/\/blogs.correiobraziliense.com.br\/cbpoder\/wp-json\/wp\/v2\/tags?post=5746"}],"curies":[{"name":"wp","href":"https:\/\/api.w.org\/{rel}","templated":true}]}}