{"id":5743,"date":"2016-09-21T11:58:14","date_gmt":"2016-09-21T14:58:14","guid":{"rendered":"https:\/\/blogs.correiobraziliense.com.br\/cbpoder\/?p=5743"},"modified":"2016-09-21T11:30:18","modified_gmt":"2016-09-21T14:30:18","slug":"moro-nega-novo-depoimento-de-gim-e-ex-senador-deve-ser-julgado-em-outubro","status":"publish","type":"post","link":"https:\/\/blogs.correiobraziliense.com.br\/cbpoder\/moro-nega-novo-depoimento-de-gim-e-ex-senador-deve-ser-julgado-em-outubro\/","title":{"rendered":"S\u00e9rgio Moro nega novo depoimento de Gim Argello e ex-senador deve ser julgado em outubro"},"content":{"rendered":"<p>O juiz S\u00e9rgio Moro negou pedido da defesa do ex-senador Gim Argello para realiza\u00e7\u00e3o de novo depoimento e abriu prazo para as alega\u00e7\u00f5es finais. O processo est\u00e1 no fim. Em breve, deve sair a senten\u00e7a no processo da Lava-Jato. Gim est\u00e1 preso h\u00e1 cinco meses, em Curitiba. Ele foi ouvido h\u00e1 um m\u00eas. Chorou e negou ter cobrado propina de empresas investigadas na CPI da Petrobras.<\/p>\n","protected":false},"excerpt":{"rendered":"<p>O juiz S\u00e9rgio Moro negou pedido da defesa do ex-senador Gim Argello para realiza\u00e7\u00e3o de novo depoimento e abriu prazo para as alega\u00e7\u00f5es finais. O processo est\u00e1 no fim. Em breve, deve sair a senten\u00e7a no processo da Lava-Jato. Gim est\u00e1 preso h\u00e1 cinco meses, em Curitiba. Ele foi ouvido h\u00e1 um m\u00eas. Chorou e negou ter cobrado propina de [&hellip;]<\/p>\n","protected":false},"author":9,"featured_media":5744,"comment_status":"open","ping_status":"closed","sticky":false,"template":"","format":"standard","meta":{"footnotes":""},"categories":[234],"tags":[],"class_list":["post-5743","post","type-post","status-publish","format-standard","has-post-thumbnail","hentry","category-cb-poder"],"_links":{"self":[{"href":"https:\/\/blogs.correiobraziliense.com.br\/cbpoder\/wp-json\/wp\/v2\/posts\/5743","targetHints":{"allow":["GET"]}}],"collection":[{"href":"https:\/\/blogs.correiobraziliense.com.br\/cbpoder\/wp-json\/wp\/v2\/posts"}],"about":[{"href":"https:\/\/blogs.correiobraziliense.com.br\/cbpoder\/wp-json\/wp\/v2\/types\/post"}],"author":[{"embeddable":true,"href":"https:\/\/blogs.correiobraziliense.com.br\/cbpoder\/wp-json\/wp\/v2\/users\/9"}],"replies":[{"embeddable":true,"href":"https:\/\/blogs.correiobraziliense.com.br\/cbpoder\/wp-json\/wp\/v2\/comments?post=5743"}],"version-history":[{"count":1,"href":"https:\/\/blogs.correiobraziliense.com.br\/cbpoder\/wp-json\/wp\/v2\/posts\/5743\/revisions"}],"predecessor-version":[{"id":5745,"href":"https:\/\/blogs.correiobraziliense.com.br\/cbpoder\/wp-json\/wp\/v2\/posts\/5743\/revisions\/5745"}],"wp:featuredmedia":[{"embeddable":true,"href":"https:\/\/blogs.correiobraziliense.com.br\/cbpoder\/wp-json\/wp\/v2\/media\/5744"}],"wp:attachment":[{"href":"https:\/\/blogs.correiobraziliense.com.br\/cbpoder\/wp-json\/wp\/v2\/media?parent=5743"}],"wp:term":[{"taxonomy":"category","embeddable":true,"href":"https:\/\/blogs.correiobraziliense.com.br\/cbpoder\/wp-json\/wp\/v2\/categories?post=5743"},{"taxonomy":"post_tag","embeddable":true,"href":"https:\/\/blogs.correiobraziliense.com.br\/cbpoder\/wp-json\/wp\/v2\/tags?post=5743"}],"curies":[{"name":"wp","href":"https:\/\/api.w.org\/{rel}","templated":true}]}}