{"id":5734,"date":"2016-09-20T13:28:13","date_gmt":"2016-09-20T16:28:13","guid":{"rendered":"https:\/\/blogs.correiobraziliense.com.br\/cbpoder\/?p=5734"},"modified":"2016-09-20T13:00:43","modified_gmt":"2016-09-20T16:00:43","slug":"preparativos-para-o-natal","status":"publish","type":"post","link":"https:\/\/blogs.correiobraziliense.com.br\/cbpoder\/preparativos-para-o-natal\/","title":{"rendered":"Apesar da crise, GDF quer preparar a cidade para o Natal"},"content":{"rendered":"<p>Depois de um Natal sem muita luz, devido \u00e0 crise econ\u00f4mica do ano passado, GDF e a Fecom\u00e9rcio come\u00e7aram a discutir uma estrat\u00e9gia conjunta para reviver as comemora\u00e7\u00f5es de dezembro. A ideia \u00e9 resgatar concursos culturais de enfeites nas quadras e com\u00e9rcios, promover shows e espet\u00e1culos e at\u00e9 mesmo montar uma pista de gelo na \u00e1rea central de Bras\u00edlia. O assunto foi discutido ontem em reuni\u00e3o com a participa\u00e7\u00e3o do presidente da Fecom\u00e9rcio, Adelmir Santana, e os secret\u00e1rios Jaime Recena (Turismo) e Luciano Suassuna (Comunica\u00e7\u00e3o); al\u00e9m do presidente da Fibra, Jamal Jorge Bittar; e do diretor do Sebrae-DF, Ant\u00f4nio Valdir Filho.<\/p>\n<p>&nbsp;<\/p>\n<p><strong>Virada do ano<\/strong><br \/>\nFecom\u00e9rcio, Fibra e Sebra-DF tamb\u00e9m discutiram com os representantes do governo preparativos para a festa de r\u00e9veillon. A sugest\u00e3o \u00e9 a instala\u00e7\u00e3o de um rel\u00f3gio para marcar a virada para 2017, com uma queima de fogos na Torre de TV. Seria uma novidade. Todos os anos, a festa tem sido realizada na Esplanada dos Minist\u00e9rios.<\/p>\n","protected":false},"excerpt":{"rendered":"<p>Depois de um Natal sem muita luz, devido \u00e0 crise econ\u00f4mica do ano passado, GDF e a Fecom\u00e9rcio come\u00e7aram a discutir uma estrat\u00e9gia conjunta para reviver as comemora\u00e7\u00f5es de dezembro. A ideia \u00e9 resgatar concursos culturais de enfeites nas quadras e com\u00e9rcios, promover shows e espet\u00e1culos e at\u00e9 mesmo montar uma pista de gelo na \u00e1rea central de Bras\u00edlia. O [&hellip;]<\/p>\n","protected":false},"author":9,"featured_media":5735,"comment_status":"open","ping_status":"closed","sticky":false,"template":"","format":"standard","meta":{"footnotes":""},"categories":[234],"tags":[],"class_list":["post-5734","post","type-post","status-publish","format-standard","has-post-thumbnail","hentry","category-cb-poder"],"_links":{"self":[{"href":"https:\/\/blogs.correiobraziliense.com.br\/cbpoder\/wp-json\/wp\/v2\/posts\/5734","targetHints":{"allow":["GET"]}}],"collection":[{"href":"https:\/\/blogs.correiobraziliense.com.br\/cbpoder\/wp-json\/wp\/v2\/posts"}],"about":[{"href":"https:\/\/blogs.correiobraziliense.com.br\/cbpoder\/wp-json\/wp\/v2\/types\/post"}],"author":[{"embeddable":true,"href":"https:\/\/blogs.correiobraziliense.com.br\/cbpoder\/wp-json\/wp\/v2\/users\/9"}],"replies":[{"embeddable":true,"href":"https:\/\/blogs.correiobraziliense.com.br\/cbpoder\/wp-json\/wp\/v2\/comments?post=5734"}],"version-history":[{"count":1,"href":"https:\/\/blogs.correiobraziliense.com.br\/cbpoder\/wp-json\/wp\/v2\/posts\/5734\/revisions"}],"predecessor-version":[{"id":5736,"href":"https:\/\/blogs.correiobraziliense.com.br\/cbpoder\/wp-json\/wp\/v2\/posts\/5734\/revisions\/5736"}],"wp:featuredmedia":[{"embeddable":true,"href":"https:\/\/blogs.correiobraziliense.com.br\/cbpoder\/wp-json\/wp\/v2\/media\/5735"}],"wp:attachment":[{"href":"https:\/\/blogs.correiobraziliense.com.br\/cbpoder\/wp-json\/wp\/v2\/media?parent=5734"}],"wp:term":[{"taxonomy":"category","embeddable":true,"href":"https:\/\/blogs.correiobraziliense.com.br\/cbpoder\/wp-json\/wp\/v2\/categories?post=5734"},{"taxonomy":"post_tag","embeddable":true,"href":"https:\/\/blogs.correiobraziliense.com.br\/cbpoder\/wp-json\/wp\/v2\/tags?post=5734"}],"curies":[{"name":"wp","href":"https:\/\/api.w.org\/{rel}","templated":true}]}}