{"id":5727,"date":"2016-09-20T11:33:03","date_gmt":"2016-09-20T14:33:03","guid":{"rendered":"https:\/\/blogs.correiobraziliense.com.br\/cbpoder\/?p=5727"},"modified":"2016-09-20T11:03:12","modified_gmt":"2016-09-20T14:03:12","slug":"pm-quer-o-reajuste-oferecido-policia-civil","status":"publish","type":"post","link":"https:\/\/blogs.correiobraziliense.com.br\/cbpoder\/pm-quer-o-reajuste-oferecido-policia-civil\/","title":{"rendered":"PM quer o reajuste oferecido \u00e0 Pol\u00edcia Civil"},"content":{"rendered":"<p>Sob o comando do coronel Rog\u00e9rio Le\u00e3o, a Associa\u00e7\u00e3o dos Oficiais da Pol\u00edcia Militar (ASOF) come\u00e7ou a defender, em reuni\u00f5es com policiais militares, que a corpora\u00e7\u00e3o aceite a proposta apresentada, nas audi\u00eancias judiciais, pelo governo Rollemberg para os policiais civis. Os percentuais s\u00e3o: 7,5% em 2017, 8% em 2018, 8,5% em 2019 e 8,5% em 2020. Os reajustes oferecidos seriam sempre aplicados nos meses de outubro de cada ano. A ideia tem entusiasmado policiais militares que surfam nas declara\u00e7\u00f5es do pr\u00f3prio governador Rodrigo Rollemberg sobre tratamentos iguais para todas as for\u00e7as de seguran\u00e7a. Policiais civis n\u00e3o aceitaram e cobram a paridade com a Pol\u00edcia Federal at\u00e9 2019.<\/p>\n","protected":false},"excerpt":{"rendered":"<p>Sob o comando do coronel Rog\u00e9rio Le\u00e3o, a Associa\u00e7\u00e3o dos Oficiais da Pol\u00edcia Militar (ASOF) come\u00e7ou a defender, em reuni\u00f5es com policiais militares, que a corpora\u00e7\u00e3o aceite a proposta apresentada, nas audi\u00eancias judiciais, pelo governo Rollemberg para os policiais civis. Os percentuais s\u00e3o: 7,5% em 2017, 8% em 2018, 8,5% em 2019 e 8,5% em 2020. Os reajustes oferecidos seriam [&hellip;]<\/p>\n","protected":false},"author":9,"featured_media":5728,"comment_status":"open","ping_status":"closed","sticky":false,"template":"","format":"standard","meta":{"footnotes":""},"categories":[234],"tags":[],"class_list":["post-5727","post","type-post","status-publish","format-standard","has-post-thumbnail","hentry","category-cb-poder"],"_links":{"self":[{"href":"https:\/\/blogs.correiobraziliense.com.br\/cbpoder\/wp-json\/wp\/v2\/posts\/5727","targetHints":{"allow":["GET"]}}],"collection":[{"href":"https:\/\/blogs.correiobraziliense.com.br\/cbpoder\/wp-json\/wp\/v2\/posts"}],"about":[{"href":"https:\/\/blogs.correiobraziliense.com.br\/cbpoder\/wp-json\/wp\/v2\/types\/post"}],"author":[{"embeddable":true,"href":"https:\/\/blogs.correiobraziliense.com.br\/cbpoder\/wp-json\/wp\/v2\/users\/9"}],"replies":[{"embeddable":true,"href":"https:\/\/blogs.correiobraziliense.com.br\/cbpoder\/wp-json\/wp\/v2\/comments?post=5727"}],"version-history":[{"count":1,"href":"https:\/\/blogs.correiobraziliense.com.br\/cbpoder\/wp-json\/wp\/v2\/posts\/5727\/revisions"}],"predecessor-version":[{"id":5729,"href":"https:\/\/blogs.correiobraziliense.com.br\/cbpoder\/wp-json\/wp\/v2\/posts\/5727\/revisions\/5729"}],"wp:featuredmedia":[{"embeddable":true,"href":"https:\/\/blogs.correiobraziliense.com.br\/cbpoder\/wp-json\/wp\/v2\/media\/5728"}],"wp:attachment":[{"href":"https:\/\/blogs.correiobraziliense.com.br\/cbpoder\/wp-json\/wp\/v2\/media?parent=5727"}],"wp:term":[{"taxonomy":"category","embeddable":true,"href":"https:\/\/blogs.correiobraziliense.com.br\/cbpoder\/wp-json\/wp\/v2\/categories?post=5727"},{"taxonomy":"post_tag","embeddable":true,"href":"https:\/\/blogs.correiobraziliense.com.br\/cbpoder\/wp-json\/wp\/v2\/tags?post=5727"}],"curies":[{"name":"wp","href":"https:\/\/api.w.org\/{rel}","templated":true}]}}