{"id":5724,"date":"2016-09-20T10:54:05","date_gmt":"2016-09-20T13:54:05","guid":{"rendered":"https:\/\/blogs.correiobraziliense.com.br\/cbpoder\/?p=5724"},"modified":"2016-09-20T10:54:05","modified_gmt":"2016-09-20T13:54:05","slug":"celina-pede-reconsideracao-da-justica-para-voltar-ao-cargo","status":"publish","type":"post","link":"https:\/\/blogs.correiobraziliense.com.br\/cbpoder\/celina-pede-reconsideracao-da-justica-para-voltar-ao-cargo\/","title":{"rendered":"Celina Le\u00e3o pede reconsidera\u00e7\u00e3o da Justi\u00e7a para voltar \u00e0 presid\u00eancia da C\u00e2mara Legislativa"},"content":{"rendered":"<p>O Tribunal de Justi\u00e7a do DF vai analisar pedido de reconsidera\u00e7\u00e3o da deputada Celina Le\u00e3o (PPS) contra a decis\u00e3o que a afastou da presid\u00eancia da C\u00e2mara Legislativa. A peti\u00e7\u00e3o foi protocolada ontem pelo advogado Eduardo Toledo, com tr\u00eas argumentos principais. A defesa reclama de a decis\u00e3o que respaldou a Opera\u00e7\u00e3o Dr\u00e1con ter sido tomada em plant\u00e3o, num fim de semana, pelo vice-presidente do TJDFT, desembargador Humberto Ulh\u00f4a, e n\u00e3o pelo relator, Jos\u00e9 Divino, sem que houvesse, segundo os advogados, a urg\u00eancia necess\u00e1ria para o despacho. Celina tamb\u00e9m alega que o processo deveria ser remetido \u00e0 Justi\u00e7a Federal por haver investiga\u00e7\u00e3o de evas\u00e3o de divisas, o que fundamentou o pedido do Minist\u00e9rio P\u00fablico do DF de recolhimento dos passaportes dos deputados investigados. Neste caso, Ulh\u00f4a negou o pedido em sua decis\u00e3o. A defesa de Celina tamb\u00e9m alega que n\u00e3o havia necessidade de afast\u00e1-la do comando da Casa, antes do julgamento pela Justi\u00e7a ou at\u00e9 mesmo de uma den\u00fancia formal do suposto esquema de aprova\u00e7\u00e3o da emenda parlamentar, no valor de R$ 30 milh\u00f5es, que ficou conhecido como UTIGates.<\/p>\n<p>&nbsp;<\/p>\n<p><strong>Apenas para a presidente<\/strong><br \/>\nO pedido de Eduardo Toledo abarca apenas a situa\u00e7\u00e3o da deputada Celina Le\u00e3o. Caso seja concedido, no entanto, poder\u00e1 ser estendido pela Justi\u00e7a para os demais membros da Mesa Diretora, Raimundo Ribeiro (PPS), J\u00falio C\u00e9sar (PRB) e Bispo Renato (PR), se os argumentos da defesa forem considerados v\u00e1lidos.<\/p>\n<p>&nbsp;<\/p>\n<p><strong>Decis\u00e3o compartilhada<\/strong><br \/>\nA expectativa \u00e9 de que o relator da Opera\u00e7\u00e3o Dr\u00e1con, desembargador Jos\u00e9 Divino, leve o pedido de reconsidera\u00e7\u00e3o para julgamento no Conselho Especial do Tribunal de Justi\u00e7a do DF e divida com os colegas a responsabilidade por manter ou derrubar a decis\u00e3o do vice-presidente da Casa, Humberto Ulh\u00f4a na Opera\u00e7\u00e3o Dr\u00e1con.<\/p>\n<p>&nbsp;<\/p>\n<p><strong>MP quer ser ouvido<\/strong><br \/>\nA vice-procuradora-geral de Justi\u00e7a do DF, Selma Sauerbronn, esteve ontem com o relator do caso, desembargador Jos\u00e9 Divino, com pedido de que o Minist\u00e9rio P\u00fablico do DF seja ouvido antes de tomar uma decis\u00e3o sobre a volta da deputada Celina Le\u00e3o (PPS) ao comando da C\u00e2mara Legislativa.<\/p>\n","protected":false},"excerpt":{"rendered":"<p>O Tribunal de Justi\u00e7a do DF vai analisar pedido de reconsidera\u00e7\u00e3o da deputada Celina Le\u00e3o (PPS) contra a decis\u00e3o que a afastou da presid\u00eancia da C\u00e2mara Legislativa. A peti\u00e7\u00e3o foi protocolada ontem pelo advogado Eduardo Toledo, com tr\u00eas argumentos principais. A defesa reclama de a decis\u00e3o que respaldou a Opera\u00e7\u00e3o Dr\u00e1con ter sido tomada em plant\u00e3o, num fim de semana, [&hellip;]<\/p>\n","protected":false},"author":9,"featured_media":5725,"comment_status":"open","ping_status":"closed","sticky":false,"template":"","format":"standard","meta":{"footnotes":""},"categories":[234],"tags":[],"class_list":["post-5724","post","type-post","status-publish","format-standard","has-post-thumbnail","hentry","category-cb-poder"],"_links":{"self":[{"href":"https:\/\/blogs.correiobraziliense.com.br\/cbpoder\/wp-json\/wp\/v2\/posts\/5724","targetHints":{"allow":["GET"]}}],"collection":[{"href":"https:\/\/blogs.correiobraziliense.com.br\/cbpoder\/wp-json\/wp\/v2\/posts"}],"about":[{"href":"https:\/\/blogs.correiobraziliense.com.br\/cbpoder\/wp-json\/wp\/v2\/types\/post"}],"author":[{"embeddable":true,"href":"https:\/\/blogs.correiobraziliense.com.br\/cbpoder\/wp-json\/wp\/v2\/users\/9"}],"replies":[{"embeddable":true,"href":"https:\/\/blogs.correiobraziliense.com.br\/cbpoder\/wp-json\/wp\/v2\/comments?post=5724"}],"version-history":[{"count":1,"href":"https:\/\/blogs.correiobraziliense.com.br\/cbpoder\/wp-json\/wp\/v2\/posts\/5724\/revisions"}],"predecessor-version":[{"id":5726,"href":"https:\/\/blogs.correiobraziliense.com.br\/cbpoder\/wp-json\/wp\/v2\/posts\/5724\/revisions\/5726"}],"wp:featuredmedia":[{"embeddable":true,"href":"https:\/\/blogs.correiobraziliense.com.br\/cbpoder\/wp-json\/wp\/v2\/media\/5725"}],"wp:attachment":[{"href":"https:\/\/blogs.correiobraziliense.com.br\/cbpoder\/wp-json\/wp\/v2\/media?parent=5724"}],"wp:term":[{"taxonomy":"category","embeddable":true,"href":"https:\/\/blogs.correiobraziliense.com.br\/cbpoder\/wp-json\/wp\/v2\/categories?post=5724"},{"taxonomy":"post_tag","embeddable":true,"href":"https:\/\/blogs.correiobraziliense.com.br\/cbpoder\/wp-json\/wp\/v2\/tags?post=5724"}],"curies":[{"name":"wp","href":"https:\/\/api.w.org\/{rel}","templated":true}]}}