{"id":5716,"date":"2016-09-16T17:53:52","date_gmt":"2016-09-16T20:53:52","guid":{"rendered":"https:\/\/blogs.correiobraziliense.com.br\/cbpoder\/?p=5716"},"modified":"2016-09-16T17:54:09","modified_gmt":"2016-09-16T20:54:09","slug":"rosso-nega-propina-de-durval-e-diz-que-vai-processar-testemunha","status":"publish","type":"post","link":"https:\/\/blogs.correiobraziliense.com.br\/cbpoder\/rosso-nega-propina-de-durval-e-diz-que-vai-processar-testemunha\/","title":{"rendered":"Rosso nega propina de Durval e diz que vai processar testemunha da Pandora"},"content":{"rendered":"<p>Ana Viriato<\/p>\n<p>O deputado federal, ex-governador e ex-presidente da Companhia de Planejamento do Distrito Federal (Codeplan) Rog\u00e9rio Rosso (PSD-DF) presta depoimento, h\u00e1 mais de uma hora, como testemunha, na tarde de hoje (16\/9), em audi\u00eancia do processo de crime de forma\u00e7\u00e3o de quadrilha, revelado pela Opera\u00e7\u00e3o Caixa de Pandora, em 2009.<\/p>\n<p>Durante a sess\u00e3o, o parlamentar rebateu as den\u00fancias de Francinei Arruda, o t\u00e9cnico de inform\u00e1tica que editou os v\u00eddeos do delator do conchavo, Durval Barbosa, al\u00e9m de alegar ter visto, nas filmagens, Rosso em ato de recebimento de dinheiro. &#8220;Me d\u00e1 asco falar sobre esse rapaz. Ele j\u00e1 mudou a vers\u00e3o diversas vezes. Inclusive, a acusa\u00e7\u00e3o caluniosa ocorreu \u00e0s v\u00e9speras da escolha do presidente da C\u00e2mara&#8221;, disse ao referir-se sobre a disputa com Rodrigo Maia (DEM-RJ) pelo mandato-tamp\u00e3o da c\u00fapula, ap\u00f3s a ren\u00fancia de Eduardo Cunha.<\/p>\n<p>Rosso revelou, ainda, que tomar\u00e1 medidas judiciais em rela\u00e7\u00e3o \u00e0s afirma\u00e7\u00f5es de Francinei.<\/p>\n<p>Ele ressaltou, tamb\u00e9m, nunca ter facilitado concess\u00f5es a quaisquer firmas que prestaram servi\u00e7os ao Governo do DF.<\/p>\n<p>S\u00e3o r\u00e9us do processo o ex-secret\u00e1rio de Planejamento, Or\u00e7amento e Gest\u00e3o do DF Ricardo Pinheiro Penna; o ex-governador Jos\u00e9 Roberto Arruda e o ex-secret\u00e1rio da Casa Civil Jos\u00e9 Geraldo Agaciel, al\u00e9m de outras 15 pessoas.<\/p>\n<p>De acordo com den\u00fancia do Minist\u00e9rio P\u00fablico do Distrito Federal e Territ\u00f3rios (MPDFT), eles teriam recebido propina da Linknet Tecnologia e Telecomunica\u00e7\u00f5es, firma que prestava servi\u00e7os de inform\u00e1tica ao GDF, durante a gest\u00e3o de Arruda e de Joaquim Roriz.<\/p>\n","protected":false},"excerpt":{"rendered":"<p>Ana Viriato O deputado federal, ex-governador e ex-presidente da Companhia de Planejamento do Distrito Federal (Codeplan) Rog\u00e9rio Rosso (PSD-DF) presta depoimento, h\u00e1 mais de uma hora, como testemunha, na tarde de hoje (16\/9), em audi\u00eancia do processo de crime de forma\u00e7\u00e3o de quadrilha, revelado pela Opera\u00e7\u00e3o Caixa de Pandora, em 2009. Durante a sess\u00e3o, o parlamentar rebateu as den\u00fancias de [&hellip;]<\/p>\n","protected":false},"author":9,"featured_media":4662,"comment_status":"open","ping_status":"closed","sticky":false,"template":"","format":"standard","meta":{"footnotes":""},"categories":[234],"tags":[],"class_list":["post-5716","post","type-post","status-publish","format-standard","has-post-thumbnail","hentry","category-cb-poder"],"_links":{"self":[{"href":"https:\/\/blogs.correiobraziliense.com.br\/cbpoder\/wp-json\/wp\/v2\/posts\/5716","targetHints":{"allow":["GET"]}}],"collection":[{"href":"https:\/\/blogs.correiobraziliense.com.br\/cbpoder\/wp-json\/wp\/v2\/posts"}],"about":[{"href":"https:\/\/blogs.correiobraziliense.com.br\/cbpoder\/wp-json\/wp\/v2\/types\/post"}],"author":[{"embeddable":true,"href":"https:\/\/blogs.correiobraziliense.com.br\/cbpoder\/wp-json\/wp\/v2\/users\/9"}],"replies":[{"embeddable":true,"href":"https:\/\/blogs.correiobraziliense.com.br\/cbpoder\/wp-json\/wp\/v2\/comments?post=5716"}],"version-history":[{"count":2,"href":"https:\/\/blogs.correiobraziliense.com.br\/cbpoder\/wp-json\/wp\/v2\/posts\/5716\/revisions"}],"predecessor-version":[{"id":5718,"href":"https:\/\/blogs.correiobraziliense.com.br\/cbpoder\/wp-json\/wp\/v2\/posts\/5716\/revisions\/5718"}],"wp:featuredmedia":[{"embeddable":true,"href":"https:\/\/blogs.correiobraziliense.com.br\/cbpoder\/wp-json\/wp\/v2\/media\/4662"}],"wp:attachment":[{"href":"https:\/\/blogs.correiobraziliense.com.br\/cbpoder\/wp-json\/wp\/v2\/media?parent=5716"}],"wp:term":[{"taxonomy":"category","embeddable":true,"href":"https:\/\/blogs.correiobraziliense.com.br\/cbpoder\/wp-json\/wp\/v2\/categories?post=5716"},{"taxonomy":"post_tag","embeddable":true,"href":"https:\/\/blogs.correiobraziliense.com.br\/cbpoder\/wp-json\/wp\/v2\/tags?post=5716"}],"curies":[{"name":"wp","href":"https:\/\/api.w.org\/{rel}","templated":true}]}}