{"id":5713,"date":"2016-09-15T18:20:46","date_gmt":"2016-09-15T21:20:46","guid":{"rendered":"https:\/\/blogs.correiobraziliense.com.br\/cbpoder\/?p=5713"},"modified":"2016-09-19T11:16:53","modified_gmt":"2016-09-19T14:16:53","slug":"fraga-rosso-aparece-em-video-de-durval-mas-nao-havia-sinais-de-propina","status":"publish","type":"post","link":"https:\/\/blogs.correiobraziliense.com.br\/cbpoder\/fraga-rosso-aparece-em-video-de-durval-mas-nao-havia-sinais-de-propina\/","title":{"rendered":"Fraga: Rosso aparece em v\u00eddeo de Durval, mas n\u00e3o havia sinais de propina"},"content":{"rendered":"<p>ANA VIRIATO<\/p>\n<p>O deputado federal Jo\u00e3o Alberto Fraga (DEM-DF) prestou depoimento como testemunha, na tarde desta quinta-feira (15\/9), em audi\u00eancia de processo relativo ao Mensal\u00e3o do DEM, esquema de cobran\u00e7a de propina em troca de apoio pol\u00edtico, revelado ap\u00f3s a deflagra\u00e7\u00e3o da Opera\u00e7\u00e3o Caixa de Pandora. A convoca\u00e7\u00e3o do parlamentar partiu da defesa do ex-vice-governador e r\u00e9u Paulo Oct\u00e1vio.<\/p>\n<p>Durante a sess\u00e3o, realizada na 7\u00b0 Vara Criminal de Bras\u00edlia, Fraga reafirmou que Rog\u00e9rio Rosso (PSD-DF) aparece em grava\u00e7\u00f5es de Durval Barbosa, delator do arranjo. &#8220;Ele me procurou antes do in\u00edcio das investiga\u00e7\u00f5es. Alegou que precisava me mostrar algo, porque eu era um homem confi\u00e1vel. Ent\u00e3o, entregou as filmagens. Rosso aparece mais de uma vez&#8221;, declarou. No entanto, o democrata disse nunca ter relatado o recebimento de propina por parte do parlamentar do PSD. &#8220;Vi ele entrando na sala, mas n\u00e3o havia dinheiro ou sinais de propina nas imagens&#8221;, ressaltou<\/p>\n","protected":false},"excerpt":{"rendered":"<p>ANA VIRIATO O deputado federal Jo\u00e3o Alberto Fraga (DEM-DF) prestou depoimento como testemunha, na tarde desta quinta-feira (15\/9), em audi\u00eancia de processo relativo ao Mensal\u00e3o do DEM, esquema de cobran\u00e7a de propina em troca de apoio pol\u00edtico, revelado ap\u00f3s a deflagra\u00e7\u00e3o da Opera\u00e7\u00e3o Caixa de Pandora. A convoca\u00e7\u00e3o do parlamentar partiu da defesa do ex-vice-governador e r\u00e9u Paulo Oct\u00e1vio. Durante [&hellip;]<\/p>\n","protected":false},"author":9,"featured_media":5714,"comment_status":"open","ping_status":"closed","sticky":false,"template":"","format":"standard","meta":{"footnotes":""},"categories":[234],"tags":[],"class_list":["post-5713","post","type-post","status-publish","format-standard","has-post-thumbnail","hentry","category-cb-poder"],"_links":{"self":[{"href":"https:\/\/blogs.correiobraziliense.com.br\/cbpoder\/wp-json\/wp\/v2\/posts\/5713","targetHints":{"allow":["GET"]}}],"collection":[{"href":"https:\/\/blogs.correiobraziliense.com.br\/cbpoder\/wp-json\/wp\/v2\/posts"}],"about":[{"href":"https:\/\/blogs.correiobraziliense.com.br\/cbpoder\/wp-json\/wp\/v2\/types\/post"}],"author":[{"embeddable":true,"href":"https:\/\/blogs.correiobraziliense.com.br\/cbpoder\/wp-json\/wp\/v2\/users\/9"}],"replies":[{"embeddable":true,"href":"https:\/\/blogs.correiobraziliense.com.br\/cbpoder\/wp-json\/wp\/v2\/comments?post=5713"}],"version-history":[{"count":1,"href":"https:\/\/blogs.correiobraziliense.com.br\/cbpoder\/wp-json\/wp\/v2\/posts\/5713\/revisions"}],"predecessor-version":[{"id":5715,"href":"https:\/\/blogs.correiobraziliense.com.br\/cbpoder\/wp-json\/wp\/v2\/posts\/5713\/revisions\/5715"}],"wp:featuredmedia":[{"embeddable":true,"href":"https:\/\/blogs.correiobraziliense.com.br\/cbpoder\/wp-json\/wp\/v2\/media\/5714"}],"wp:attachment":[{"href":"https:\/\/blogs.correiobraziliense.com.br\/cbpoder\/wp-json\/wp\/v2\/media?parent=5713"}],"wp:term":[{"taxonomy":"category","embeddable":true,"href":"https:\/\/blogs.correiobraziliense.com.br\/cbpoder\/wp-json\/wp\/v2\/categories?post=5713"},{"taxonomy":"post_tag","embeddable":true,"href":"https:\/\/blogs.correiobraziliense.com.br\/cbpoder\/wp-json\/wp\/v2\/tags?post=5713"}],"curies":[{"name":"wp","href":"https:\/\/api.w.org\/{rel}","templated":true}]}}