{"id":5707,"date":"2016-09-14T11:43:15","date_gmt":"2016-09-14T14:43:15","guid":{"rendered":"https:\/\/blogs.correiobraziliense.com.br\/cbpoder\/?p=5707"},"modified":"2016-09-14T11:43:40","modified_gmt":"2016-09-14T14:43:40","slug":"procuradoria-da-camara-libera-andamento-de-processo-contra-distritais-investigados-na-utigate","status":"publish","type":"post","link":"https:\/\/blogs.correiobraziliense.com.br\/cbpoder\/procuradoria-da-camara-libera-andamento-de-processo-contra-distritais-investigados-na-utigate\/","title":{"rendered":"Procuradoria da C\u00e2mara libera andamento de processo contra distritais investigados na UTIGate"},"content":{"rendered":"<p>A Procuradoria Geral da C\u00e2mara Legislativa deu parecer favor\u00e1vel \u00e0 admissibilidade da representa\u00e7\u00e3o do PSOL-DF contra os deputados Raimundo Ribeiro (PPS), Cristiano Ara\u00fajo (PSD), Celina Le\u00e3o (PPS), J\u00falio C\u00e9sar (PRB) e Bispo Renato (PR).<\/p>\n<p>O PSOL-DF pede a abertura de processo por quebra de decoro parlamentar contra os deputados pelo conte\u00fado das investiga\u00e7\u00f5es da Opera\u00e7\u00e3o Dr\u00e1con relacuonadas \u00e0 suposta cobran\u00e7a de propina para aprova\u00e7\u00e3o de emenda parlamentar destinada ao pagamento de d\u00edvidas de empresa que presta servi\u00e7os de UTIs na rede p\u00fablica de sa\u00fade do DF.<\/p>\n<p>O esc\u00e2ndalo ficou conhecido como UTIGate.<\/p>\n<p>A suspeita surgiu a partir de grava\u00e7\u00f5es de conversas feitas pela deputada Liliane Roriz (PTB) com a presidente afastada da C\u00e2mara Legislativa Celina Le\u00e3o (PPS) e com o ex-secret\u00e1rio-geral da Mesa Diretora Val\u00e9rio Neves.<\/p>\n","protected":false},"excerpt":{"rendered":"<p>A Procuradoria Geral da C\u00e2mara Legislativa deu parecer favor\u00e1vel \u00e0 admissibilidade da representa\u00e7\u00e3o do PSOL-DF contra os deputados Raimundo Ribeiro (PPS), Cristiano Ara\u00fajo (PSD), Celina Le\u00e3o (PPS), J\u00falio C\u00e9sar (PRB) e Bispo Renato (PR). O PSOL-DF pede a abertura de processo por quebra de decoro parlamentar contra os deputados pelo conte\u00fado das investiga\u00e7\u00f5es da Opera\u00e7\u00e3o Dr\u00e1con relacuonadas \u00e0 suposta cobran\u00e7a [&hellip;]<\/p>\n","protected":false},"author":9,"featured_media":0,"comment_status":"open","ping_status":"closed","sticky":false,"template":"","format":"standard","meta":{"footnotes":""},"categories":[234],"tags":[],"class_list":["post-5707","post","type-post","status-publish","format-standard","hentry","category-cb-poder"],"_links":{"self":[{"href":"https:\/\/blogs.correiobraziliense.com.br\/cbpoder\/wp-json\/wp\/v2\/posts\/5707","targetHints":{"allow":["GET"]}}],"collection":[{"href":"https:\/\/blogs.correiobraziliense.com.br\/cbpoder\/wp-json\/wp\/v2\/posts"}],"about":[{"href":"https:\/\/blogs.correiobraziliense.com.br\/cbpoder\/wp-json\/wp\/v2\/types\/post"}],"author":[{"embeddable":true,"href":"https:\/\/blogs.correiobraziliense.com.br\/cbpoder\/wp-json\/wp\/v2\/users\/9"}],"replies":[{"embeddable":true,"href":"https:\/\/blogs.correiobraziliense.com.br\/cbpoder\/wp-json\/wp\/v2\/comments?post=5707"}],"version-history":[{"count":1,"href":"https:\/\/blogs.correiobraziliense.com.br\/cbpoder\/wp-json\/wp\/v2\/posts\/5707\/revisions"}],"predecessor-version":[{"id":5708,"href":"https:\/\/blogs.correiobraziliense.com.br\/cbpoder\/wp-json\/wp\/v2\/posts\/5707\/revisions\/5708"}],"wp:attachment":[{"href":"https:\/\/blogs.correiobraziliense.com.br\/cbpoder\/wp-json\/wp\/v2\/media?parent=5707"}],"wp:term":[{"taxonomy":"category","embeddable":true,"href":"https:\/\/blogs.correiobraziliense.com.br\/cbpoder\/wp-json\/wp\/v2\/categories?post=5707"},{"taxonomy":"post_tag","embeddable":true,"href":"https:\/\/blogs.correiobraziliense.com.br\/cbpoder\/wp-json\/wp\/v2\/tags?post=5707"}],"curies":[{"name":"wp","href":"https:\/\/api.w.org\/{rel}","templated":true}]}}