{"id":5703,"date":"2016-09-13T19:56:02","date_gmt":"2016-09-13T22:56:02","guid":{"rendered":"https:\/\/blogs.correiobraziliense.com.br\/cbpoder\/?p=5703"},"modified":"2016-09-13T19:56:02","modified_gmt":"2016-09-13T22:56:02","slug":"ricardo-vale-sobre-operacao-dracon-so-com-as-gravacoes-e-dificil-aprofundar-o-debate","status":"publish","type":"post","link":"https:\/\/blogs.correiobraziliense.com.br\/cbpoder\/ricardo-vale-sobre-operacao-dracon-so-com-as-gravacoes-e-dificil-aprofundar-o-debate\/","title":{"rendered":"Ricardo Vale, sobre Opera\u00e7\u00e3o Dr\u00e1con: &#8220;S\u00f3 com as grava\u00e7\u00f5es, \u00e9 dif\u00edcil aprofundar o debate&#8221;"},"content":{"rendered":"<p>Presidente da Comiss\u00e3o de Direitos Humanos, \u00c9tica e Decoro Parlamentar da C\u00e2mara Legislativa, o deputado Ricardo Vale (PT) disse hoje (13), no programa CB.Poder, que a Casa est\u00e1 preparada para investigar e julgar os deputados distritais envolvidos no esc\u00e2ndalo da UTIGates, que surgiu com a Opera\u00e7\u00e3o Dr\u00e1con.<\/p>\n<p>O petista, no entanto, ressaltou que ainda ser\u00e1 necess\u00e1rio juntar provas para que se possa defender a cassa\u00e7\u00e3o dos deputados Celina Le\u00e3o (PPS), Raimundo Ribeiro (PPS), J\u00falio C\u00e9sar (PRB), Cristiano Ara\u00fajo (PSD) e Bispo Renato (PR). &#8220;S\u00f3 com as grava\u00e7\u00f5es, \u00e9 dif\u00edcil aprofundar o debate&#8221;, diz.<\/p>\n<p>Veja a \u00edntegra do programa:<\/p>\n<p><iframe loading=\"lazy\" frameborder=\"0\" width=\"1333\" height=\"1000\" src=\"https:\/\/www.dailymotion.com\/embed\/video\/x4t38cp\" allowfullscreen><\/iframe><\/p>\n<p>&nbsp;<\/p>\n<p><iframe loading=\"lazy\" frameborder=\"0\" width=\"1333\" height=\"1000\" src=\"https:\/\/www.dailymotion.com\/embed\/video\/x4t388j\" allowfullscreen><\/iframe><\/p>\n<p>&nbsp;<\/p>\n<p>&nbsp;<\/p>\n","protected":false},"excerpt":{"rendered":"<p>Presidente da Comiss\u00e3o de Direitos Humanos, \u00c9tica e Decoro Parlamentar da C\u00e2mara Legislativa, o deputado Ricardo Vale (PT) disse hoje (13), no programa CB.Poder, que a Casa est\u00e1 preparada para investigar e julgar os deputados distritais envolvidos no esc\u00e2ndalo da UTIGates, que surgiu com a Opera\u00e7\u00e3o Dr\u00e1con. O petista, no entanto, ressaltou que ainda ser\u00e1 necess\u00e1rio juntar provas para que [&hellip;]<\/p>\n","protected":false},"author":9,"featured_media":0,"comment_status":"open","ping_status":"closed","sticky":false,"template":"","format":"standard","meta":{"footnotes":""},"categories":[234],"tags":[],"class_list":["post-5703","post","type-post","status-publish","format-standard","hentry","category-cb-poder"],"_links":{"self":[{"href":"https:\/\/blogs.correiobraziliense.com.br\/cbpoder\/wp-json\/wp\/v2\/posts\/5703","targetHints":{"allow":["GET"]}}],"collection":[{"href":"https:\/\/blogs.correiobraziliense.com.br\/cbpoder\/wp-json\/wp\/v2\/posts"}],"about":[{"href":"https:\/\/blogs.correiobraziliense.com.br\/cbpoder\/wp-json\/wp\/v2\/types\/post"}],"author":[{"embeddable":true,"href":"https:\/\/blogs.correiobraziliense.com.br\/cbpoder\/wp-json\/wp\/v2\/users\/9"}],"replies":[{"embeddable":true,"href":"https:\/\/blogs.correiobraziliense.com.br\/cbpoder\/wp-json\/wp\/v2\/comments?post=5703"}],"version-history":[{"count":1,"href":"https:\/\/blogs.correiobraziliense.com.br\/cbpoder\/wp-json\/wp\/v2\/posts\/5703\/revisions"}],"predecessor-version":[{"id":5704,"href":"https:\/\/blogs.correiobraziliense.com.br\/cbpoder\/wp-json\/wp\/v2\/posts\/5703\/revisions\/5704"}],"wp:attachment":[{"href":"https:\/\/blogs.correiobraziliense.com.br\/cbpoder\/wp-json\/wp\/v2\/media?parent=5703"}],"wp:term":[{"taxonomy":"category","embeddable":true,"href":"https:\/\/blogs.correiobraziliense.com.br\/cbpoder\/wp-json\/wp\/v2\/categories?post=5703"},{"taxonomy":"post_tag","embeddable":true,"href":"https:\/\/blogs.correiobraziliense.com.br\/cbpoder\/wp-json\/wp\/v2\/tags?post=5703"}],"curies":[{"name":"wp","href":"https:\/\/api.w.org\/{rel}","templated":true}]}}