{"id":5696,"date":"2016-09-12T22:28:33","date_gmt":"2016-09-13T01:28:33","guid":{"rendered":"https:\/\/blogs.correiobraziliense.com.br\/cbpoder\/?p=5696"},"modified":"2016-09-12T23:58:43","modified_gmt":"2016-09-13T02:58:43","slug":"dos-8-deputados-do-df-7-votam-pela-cassacao-de-cunha","status":"publish","type":"post","link":"https:\/\/blogs.correiobraziliense.com.br\/cbpoder\/dos-8-deputados-do-df-7-votam-pela-cassacao-de-cunha\/","title":{"rendered":"Dos 8 deputados do DF, 6 votam pela cassa\u00e7\u00e3o de Cunha"},"content":{"rendered":"<p>Na reta final para a vota\u00e7\u00e3o do processo de cassa\u00e7\u00e3o do ex-presidente da C\u00e2mara Eduardo Cunha, os deputados do DF j\u00e1 tomaram uma decis\u00e3o sobre como v\u00e3o se posicionar.<\/p>\n<p>Veja como devem votar os deputados do DF:<\/p>\n<p>Augusto Carvalho (SD) &#8211; SIM<\/p>\n<p>Alberto Fraga (DEM) &#8211; SIM<\/p>\n<p>\u00c9rika Kokay (PT) &#8211; SIM<\/p>\n<p>Laerte Bessa (PR) &#8211; ABSTEN\u00c7\u00c3O<\/p>\n<p>Ronaldo Fonseca (Pros) &#8211; SIM<\/p>\n<p>Roney Nemer (PP) &#8211; ABSTEN\u00c7\u00c3O<\/p>\n<p>Izalci Lucas (PSDB) &#8211; SIM<\/p>\n<p>Rog\u00e9rio Rosso (PSD) &#8211; SIM<\/p>\n<p>&nbsp;<\/p>\n<p>Atualiza\u00e7\u00e3o &#8211; Encerrada a vota\u00e7\u00e3o, com 450 votos pela cassa\u00e7\u00e3o de Eduardo Cunha, 10 contr\u00e1rios e 9 absten\u00e7\u00f5es, o placar com os votos da bancada do DF acima se confirmou.<\/p>\n","protected":false},"excerpt":{"rendered":"<p>Na reta final para a vota\u00e7\u00e3o do processo de cassa\u00e7\u00e3o do ex-presidente da C\u00e2mara Eduardo Cunha, os deputados do DF j\u00e1 tomaram uma decis\u00e3o sobre como v\u00e3o se posicionar. Veja como devem votar os deputados do DF: Augusto Carvalho (SD) &#8211; SIM Alberto Fraga (DEM) &#8211; SIM \u00c9rika Kokay (PT) &#8211; SIM Laerte Bessa (PR) &#8211; ABSTEN\u00c7\u00c3O Ronaldo Fonseca (Pros) [&hellip;]<\/p>\n","protected":false},"author":9,"featured_media":0,"comment_status":"open","ping_status":"closed","sticky":false,"template":"","format":"standard","meta":{"footnotes":""},"categories":[234],"tags":[],"class_list":["post-5696","post","type-post","status-publish","format-standard","hentry","category-cb-poder"],"_links":{"self":[{"href":"https:\/\/blogs.correiobraziliense.com.br\/cbpoder\/wp-json\/wp\/v2\/posts\/5696","targetHints":{"allow":["GET"]}}],"collection":[{"href":"https:\/\/blogs.correiobraziliense.com.br\/cbpoder\/wp-json\/wp\/v2\/posts"}],"about":[{"href":"https:\/\/blogs.correiobraziliense.com.br\/cbpoder\/wp-json\/wp\/v2\/types\/post"}],"author":[{"embeddable":true,"href":"https:\/\/blogs.correiobraziliense.com.br\/cbpoder\/wp-json\/wp\/v2\/users\/9"}],"replies":[{"embeddable":true,"href":"https:\/\/blogs.correiobraziliense.com.br\/cbpoder\/wp-json\/wp\/v2\/comments?post=5696"}],"version-history":[{"count":4,"href":"https:\/\/blogs.correiobraziliense.com.br\/cbpoder\/wp-json\/wp\/v2\/posts\/5696\/revisions"}],"predecessor-version":[{"id":5700,"href":"https:\/\/blogs.correiobraziliense.com.br\/cbpoder\/wp-json\/wp\/v2\/posts\/5696\/revisions\/5700"}],"wp:attachment":[{"href":"https:\/\/blogs.correiobraziliense.com.br\/cbpoder\/wp-json\/wp\/v2\/media?parent=5696"}],"wp:term":[{"taxonomy":"category","embeddable":true,"href":"https:\/\/blogs.correiobraziliense.com.br\/cbpoder\/wp-json\/wp\/v2\/categories?post=5696"},{"taxonomy":"post_tag","embeddable":true,"href":"https:\/\/blogs.correiobraziliense.com.br\/cbpoder\/wp-json\/wp\/v2\/tags?post=5696"}],"curies":[{"name":"wp","href":"https:\/\/api.w.org\/{rel}","templated":true}]}}