{"id":5691,"date":"2016-09-11T20:45:54","date_gmt":"2016-09-11T23:45:54","guid":{"rendered":"https:\/\/blogs.correiobraziliense.com.br\/cbpoder\/?p=5691"},"modified":"2016-09-11T20:46:50","modified_gmt":"2016-09-11T23:46:50","slug":"metade-da-bancada-do-df-esconde-o-jogo-sobre-votacao-no-processo-contra-eduardo-cunha","status":"publish","type":"post","link":"https:\/\/blogs.correiobraziliense.com.br\/cbpoder\/metade-da-bancada-do-df-esconde-o-jogo-sobre-votacao-no-processo-contra-eduardo-cunha\/","title":{"rendered":"Metade da bancada do DF esconde o jogo sobre vota\u00e7\u00e3o no processo contra Eduardo Cunha"},"content":{"rendered":"<p>Entre os oito deputados da bancada do DF, metade declara voto pela cassa\u00e7\u00e3o de Eduardo Cunha (PMDB-RJ) no processo por quebra de decoro parlamentar marcada para amanh\u00e3: \u00c9rika Kokay (PT), Augusto Carvalho (SD), Ronaldo Fonseca (PROS) e Izalci Lucas (PSDB). J\u00e1 Alberto Fraga (DEM), Laerte Bessa (PR), R\u00f4ney Nemer (PP) e Rog\u00e9rio Rosso (PSD) s\u00f3 falam na hora qual posi\u00e7\u00e3o tomar\u00e3o. A vota\u00e7\u00e3o ser\u00e1 aberta.<\/p>\n","protected":false},"excerpt":{"rendered":"<p>Entre os oito deputados da bancada do DF, metade declara voto pela cassa\u00e7\u00e3o de Eduardo Cunha (PMDB-RJ) no processo por quebra de decoro parlamentar marcada para amanh\u00e3: \u00c9rika Kokay (PT), Augusto Carvalho (SD), Ronaldo Fonseca (PROS) e Izalci Lucas (PSDB). J\u00e1 Alberto Fraga (DEM), Laerte Bessa (PR), R\u00f4ney Nemer (PP) e Rog\u00e9rio Rosso (PSD) s\u00f3 falam na hora qual posi\u00e7\u00e3o [&hellip;]<\/p>\n","protected":false},"author":9,"featured_media":5692,"comment_status":"open","ping_status":"closed","sticky":false,"template":"","format":"standard","meta":{"footnotes":""},"categories":[234],"tags":[],"class_list":["post-5691","post","type-post","status-publish","format-standard","has-post-thumbnail","hentry","category-cb-poder"],"_links":{"self":[{"href":"https:\/\/blogs.correiobraziliense.com.br\/cbpoder\/wp-json\/wp\/v2\/posts\/5691","targetHints":{"allow":["GET"]}}],"collection":[{"href":"https:\/\/blogs.correiobraziliense.com.br\/cbpoder\/wp-json\/wp\/v2\/posts"}],"about":[{"href":"https:\/\/blogs.correiobraziliense.com.br\/cbpoder\/wp-json\/wp\/v2\/types\/post"}],"author":[{"embeddable":true,"href":"https:\/\/blogs.correiobraziliense.com.br\/cbpoder\/wp-json\/wp\/v2\/users\/9"}],"replies":[{"embeddable":true,"href":"https:\/\/blogs.correiobraziliense.com.br\/cbpoder\/wp-json\/wp\/v2\/comments?post=5691"}],"version-history":[{"count":1,"href":"https:\/\/blogs.correiobraziliense.com.br\/cbpoder\/wp-json\/wp\/v2\/posts\/5691\/revisions"}],"predecessor-version":[{"id":5693,"href":"https:\/\/blogs.correiobraziliense.com.br\/cbpoder\/wp-json\/wp\/v2\/posts\/5691\/revisions\/5693"}],"wp:featuredmedia":[{"embeddable":true,"href":"https:\/\/blogs.correiobraziliense.com.br\/cbpoder\/wp-json\/wp\/v2\/media\/5692"}],"wp:attachment":[{"href":"https:\/\/blogs.correiobraziliense.com.br\/cbpoder\/wp-json\/wp\/v2\/media?parent=5691"}],"wp:term":[{"taxonomy":"category","embeddable":true,"href":"https:\/\/blogs.correiobraziliense.com.br\/cbpoder\/wp-json\/wp\/v2\/categories?post=5691"},{"taxonomy":"post_tag","embeddable":true,"href":"https:\/\/blogs.correiobraziliense.com.br\/cbpoder\/wp-json\/wp\/v2\/tags?post=5691"}],"curies":[{"name":"wp","href":"https:\/\/api.w.org\/{rel}","templated":true}]}}