{"id":5687,"date":"2016-09-11T18:56:50","date_gmt":"2016-09-11T21:56:50","guid":{"rendered":"https:\/\/blogs.correiobraziliense.com.br\/cbpoder\/?p=5687"},"modified":"2016-09-11T18:58:44","modified_gmt":"2016-09-11T21:58:44","slug":"os-motivos-por-tras-da-briga-entre-liliane-roriz-e-luiz-estevao","status":"publish","type":"post","link":"https:\/\/blogs.correiobraziliense.com.br\/cbpoder\/os-motivos-por-tras-da-briga-entre-liliane-roriz-e-luiz-estevao\/","title":{"rendered":"Os motivos por tr\u00e1s da briga entre Liliane Roriz e Estev\u00e3o"},"content":{"rendered":"<p>O motivo da crise na C\u00e2mara Legislativa passa pela briga pela sucess\u00e3o ao comando da Casa. A deputada Liliane Roriz (PTB) contou a interlocutores que vivia um inferno, sob press\u00e3o para votar a favor da emenda da reelei\u00e7\u00e3o que garantiria um novo mandato para Celina Le\u00e3o (PPS) no comando do Legislativo. Liliane se absteve no primeiro turno e convenceu o atual presidente em exerc\u00edcio, Juarez\u00e3o (PSB), a adotar o mesmo caminho. Como o petista Ricardo Vale mudou sua posi\u00e7\u00e3o e votaria a contra a mudan\u00e7a na Lei Org\u00e2nica quando a mat\u00e9ria fosse levada a aprecia\u00e7\u00e3o em segundo turno, cada voto estava sendo trabalhado com afinco. Dessa batalha para convenc\u00ea-la, segundo relato de Liliane a pessoas pr\u00f3ximas, participavam Luiz Estev\u00e3o, mesmo \u00e0 dist\u00e2ncia, enquanto cumpre pena, Val\u00e9rio Neves e at\u00e9 a ex-deputada Jaqueline Roriz.<\/p>\n<p>&nbsp;<\/p>\n<p><strong>Motiva\u00e7\u00e3o<\/strong><br \/>\nEsse foi um dos motivos que levaram Liliane Roriz a entregar grava\u00e7\u00f5es que fez de conversas com Celina, Luiz Estev\u00e3o e Val\u00e9rio ao Minist\u00e9rio P\u00fablico. O caso tamb\u00e9m \u00e9 investigado. Liliane e Luiz Estev\u00e3o come\u00e7aram a se desentender na campanha, quando a filha de Joaquim Roriz desistiu de ser vice na chapa encabe\u00e7ada por Jos\u00e9 Roberto Arruda. A rela\u00e7\u00e3o foi piorando \u00e0 medida em que ela resistia em manter uma alian\u00e7a pol\u00edtica com Estev\u00e3o, apesar de ter sido eleita pelo PRTB. Liliane passou a ser considerada incontrol\u00e1vel pelo grupo. E agora deixou claro que era mesmo.<\/p>\n","protected":false},"excerpt":{"rendered":"<p>O motivo da crise na C\u00e2mara Legislativa passa pela briga pela sucess\u00e3o ao comando da Casa. A deputada Liliane Roriz (PTB) contou a interlocutores que vivia um inferno, sob press\u00e3o para votar a favor da emenda da reelei\u00e7\u00e3o que garantiria um novo mandato para Celina Le\u00e3o (PPS) no comando do Legislativo. Liliane se absteve no primeiro turno e convenceu o [&hellip;]<\/p>\n","protected":false},"author":9,"featured_media":5688,"comment_status":"open","ping_status":"closed","sticky":false,"template":"","format":"standard","meta":{"footnotes":""},"categories":[234],"tags":[],"class_list":["post-5687","post","type-post","status-publish","format-standard","has-post-thumbnail","hentry","category-cb-poder"],"_links":{"self":[{"href":"https:\/\/blogs.correiobraziliense.com.br\/cbpoder\/wp-json\/wp\/v2\/posts\/5687","targetHints":{"allow":["GET"]}}],"collection":[{"href":"https:\/\/blogs.correiobraziliense.com.br\/cbpoder\/wp-json\/wp\/v2\/posts"}],"about":[{"href":"https:\/\/blogs.correiobraziliense.com.br\/cbpoder\/wp-json\/wp\/v2\/types\/post"}],"author":[{"embeddable":true,"href":"https:\/\/blogs.correiobraziliense.com.br\/cbpoder\/wp-json\/wp\/v2\/users\/9"}],"replies":[{"embeddable":true,"href":"https:\/\/blogs.correiobraziliense.com.br\/cbpoder\/wp-json\/wp\/v2\/comments?post=5687"}],"version-history":[{"count":2,"href":"https:\/\/blogs.correiobraziliense.com.br\/cbpoder\/wp-json\/wp\/v2\/posts\/5687\/revisions"}],"predecessor-version":[{"id":5690,"href":"https:\/\/blogs.correiobraziliense.com.br\/cbpoder\/wp-json\/wp\/v2\/posts\/5687\/revisions\/5690"}],"wp:featuredmedia":[{"embeddable":true,"href":"https:\/\/blogs.correiobraziliense.com.br\/cbpoder\/wp-json\/wp\/v2\/media\/5688"}],"wp:attachment":[{"href":"https:\/\/blogs.correiobraziliense.com.br\/cbpoder\/wp-json\/wp\/v2\/media?parent=5687"}],"wp:term":[{"taxonomy":"category","embeddable":true,"href":"https:\/\/blogs.correiobraziliense.com.br\/cbpoder\/wp-json\/wp\/v2\/categories?post=5687"},{"taxonomy":"post_tag","embeddable":true,"href":"https:\/\/blogs.correiobraziliense.com.br\/cbpoder\/wp-json\/wp\/v2\/tags?post=5687"}],"curies":[{"name":"wp","href":"https:\/\/api.w.org\/{rel}","templated":true}]}}