{"id":5681,"date":"2016-09-08T23:27:13","date_gmt":"2016-09-09T02:27:13","guid":{"rendered":"https:\/\/blogs.correiobraziliense.com.br\/cbpoder\/?p=5681"},"modified":"2016-09-09T00:00:31","modified_gmt":"2016-09-09T03:00:31","slug":"stj-nega-retorno-de-celina-presidencia-da-camara","status":"publish","type":"post","link":"https:\/\/blogs.correiobraziliense.com.br\/cbpoder\/stj-nega-retorno-de-celina-presidencia-da-camara\/","title":{"rendered":"STJ nega pedido de Celina para acesso a argumentos do MP que levaram ao afastamento da Mesa"},"content":{"rendered":"<p>O Superior Tribunal de Justi\u00e7a (STJ) negou pedido da defesa da presidente afastada da C\u00e2mara Legislativa, Celina Le\u00e3o (PPS), para ter acesso ao prdido do Minist\u00e9rio P\u00fablico que levou ao afastamento da Mesa Diretora. A medida cautelar foi tomada pelo vice-presidente do Tribunal Justi\u00e7a do DF, Humberto Ulhoa.<\/p>\n<p>A decis\u00e3o do STJ \u00e9 do mimistro Ant\u00f4nio Saldanha Palheiro, da 6\u00aa Turma, que negou liminar em Habeas Corpus, impetrado pelo advogado Eduardo Toledo.<\/p>\n<p>A defesa de Celina Le\u00e3o aguarda conhecimento dos argumentos do STJ para apresentar recurso.<\/p>\n","protected":false},"excerpt":{"rendered":"<p>O Superior Tribunal de Justi\u00e7a (STJ) negou pedido da defesa da presidente afastada da C\u00e2mara Legislativa, Celina Le\u00e3o (PPS), para ter acesso ao prdido do Minist\u00e9rio P\u00fablico que levou ao afastamento da Mesa Diretora. A medida cautelar foi tomada pelo vice-presidente do Tribunal Justi\u00e7a do DF, Humberto Ulhoa. A decis\u00e3o do STJ \u00e9 do mimistro Ant\u00f4nio Saldanha Palheiro, da 6\u00aa [&hellip;]<\/p>\n","protected":false},"author":9,"featured_media":0,"comment_status":"open","ping_status":"closed","sticky":false,"template":"","format":"standard","meta":{"footnotes":""},"categories":[234],"tags":[],"class_list":["post-5681","post","type-post","status-publish","format-standard","hentry","category-cb-poder"],"_links":{"self":[{"href":"https:\/\/blogs.correiobraziliense.com.br\/cbpoder\/wp-json\/wp\/v2\/posts\/5681","targetHints":{"allow":["GET"]}}],"collection":[{"href":"https:\/\/blogs.correiobraziliense.com.br\/cbpoder\/wp-json\/wp\/v2\/posts"}],"about":[{"href":"https:\/\/blogs.correiobraziliense.com.br\/cbpoder\/wp-json\/wp\/v2\/types\/post"}],"author":[{"embeddable":true,"href":"https:\/\/blogs.correiobraziliense.com.br\/cbpoder\/wp-json\/wp\/v2\/users\/9"}],"replies":[{"embeddable":true,"href":"https:\/\/blogs.correiobraziliense.com.br\/cbpoder\/wp-json\/wp\/v2\/comments?post=5681"}],"version-history":[{"count":3,"href":"https:\/\/blogs.correiobraziliense.com.br\/cbpoder\/wp-json\/wp\/v2\/posts\/5681\/revisions"}],"predecessor-version":[{"id":5684,"href":"https:\/\/blogs.correiobraziliense.com.br\/cbpoder\/wp-json\/wp\/v2\/posts\/5681\/revisions\/5684"}],"wp:attachment":[{"href":"https:\/\/blogs.correiobraziliense.com.br\/cbpoder\/wp-json\/wp\/v2\/media?parent=5681"}],"wp:term":[{"taxonomy":"category","embeddable":true,"href":"https:\/\/blogs.correiobraziliense.com.br\/cbpoder\/wp-json\/wp\/v2\/categories?post=5681"},{"taxonomy":"post_tag","embeddable":true,"href":"https:\/\/blogs.correiobraziliense.com.br\/cbpoder\/wp-json\/wp\/v2\/tags?post=5681"}],"curies":[{"name":"wp","href":"https:\/\/api.w.org\/{rel}","templated":true}]}}