{"id":5661,"date":"2016-09-07T13:24:31","date_gmt":"2016-09-07T16:24:31","guid":{"rendered":"https:\/\/blogs.correiobraziliense.com.br\/cbpoder\/?p=5661"},"modified":"2016-09-07T14:21:14","modified_gmt":"2016-09-07T17:21:14","slug":"rollemberg-nunca-tive-relacao-politica-pessoal-ou-de-qualquer-natureza-com-estevao","status":"publish","type":"post","link":"https:\/\/blogs.correiobraziliense.com.br\/cbpoder\/rollemberg-nunca-tive-relacao-politica-pessoal-ou-de-qualquer-natureza-com-estevao\/","title":{"rendered":"Rollemberg: &#8220;Nunca tive rela\u00e7\u00e3o pol\u00edtica, pessoal ou de qualquer natureza com Estev\u00e3o&#8221;"},"content":{"rendered":"<p>O governador Rodrigo Rollemberg (PSB) negou hoje (07) manter ou ter mantido qualquer rela\u00e7\u00e3o pol\u00edtica ou pessoal com o ex-senador Luiz Estev\u00e3o. &#8220;Nunca tive rela\u00e7\u00e3o pol\u00edtica, pessoal ou de qualquer natureza com Luiz Estev\u00e3o&#8221;, garante Rollemberg.<\/p>\n<p>Rollemberg disse ao blog que desde a cassa\u00e7\u00e3o do mandato de Luiz Estev\u00e3o, em 2000, os dois conversaram uma \u00fanica vez por telefone, no in\u00edcio do governo. A conversa foi r\u00e1pida, segundo o governador, intermediada pelo ent\u00e3o chefe da Casa Civil, H\u00e9lio Doyle. &#8220;Ele disse que tinha algumas ideias para apresentar, mas nunca conversamos sobre isso. Nunca o recebi para tratar de qualquer assunto&#8221;, explicou Rollemberg.<\/p>\n<p>Em conversa gravada pela deputada Liliane Roriz (PTB), em abril do ano passado, Luiz Estev\u00e3o afirma ter influ\u00eancia no governo devido a uma suposta proximidade com Rollemberg e com o jornalista H\u00e9lio Doyle.<\/p>\n<p>Sobre a rela\u00e7\u00e3o de Doyle com Estev\u00e3o, Rollemberg disse: &#8220;Deve ser pela atividade dele como jornalista&#8221;.<\/p>\n","protected":false},"excerpt":{"rendered":"<p>O governador Rodrigo Rollemberg (PSB) negou hoje (07) manter ou ter mantido qualquer rela\u00e7\u00e3o pol\u00edtica ou pessoal com o ex-senador Luiz Estev\u00e3o. &#8220;Nunca tive rela\u00e7\u00e3o pol\u00edtica, pessoal ou de qualquer natureza com Luiz Estev\u00e3o&#8221;, garante Rollemberg. Rollemberg disse ao blog que desde a cassa\u00e7\u00e3o do mandato de Luiz Estev\u00e3o, em 2000, os dois conversaram uma \u00fanica vez por telefone, no [&hellip;]<\/p>\n","protected":false},"author":9,"featured_media":5662,"comment_status":"open","ping_status":"closed","sticky":false,"template":"","format":"standard","meta":{"footnotes":""},"categories":[234],"tags":[],"class_list":["post-5661","post","type-post","status-publish","format-standard","has-post-thumbnail","hentry","category-cb-poder"],"_links":{"self":[{"href":"https:\/\/blogs.correiobraziliense.com.br\/cbpoder\/wp-json\/wp\/v2\/posts\/5661","targetHints":{"allow":["GET"]}}],"collection":[{"href":"https:\/\/blogs.correiobraziliense.com.br\/cbpoder\/wp-json\/wp\/v2\/posts"}],"about":[{"href":"https:\/\/blogs.correiobraziliense.com.br\/cbpoder\/wp-json\/wp\/v2\/types\/post"}],"author":[{"embeddable":true,"href":"https:\/\/blogs.correiobraziliense.com.br\/cbpoder\/wp-json\/wp\/v2\/users\/9"}],"replies":[{"embeddable":true,"href":"https:\/\/blogs.correiobraziliense.com.br\/cbpoder\/wp-json\/wp\/v2\/comments?post=5661"}],"version-history":[{"count":1,"href":"https:\/\/blogs.correiobraziliense.com.br\/cbpoder\/wp-json\/wp\/v2\/posts\/5661\/revisions"}],"predecessor-version":[{"id":5663,"href":"https:\/\/blogs.correiobraziliense.com.br\/cbpoder\/wp-json\/wp\/v2\/posts\/5661\/revisions\/5663"}],"wp:featuredmedia":[{"embeddable":true,"href":"https:\/\/blogs.correiobraziliense.com.br\/cbpoder\/wp-json\/wp\/v2\/media\/5662"}],"wp:attachment":[{"href":"https:\/\/blogs.correiobraziliense.com.br\/cbpoder\/wp-json\/wp\/v2\/media?parent=5661"}],"wp:term":[{"taxonomy":"category","embeddable":true,"href":"https:\/\/blogs.correiobraziliense.com.br\/cbpoder\/wp-json\/wp\/v2\/categories?post=5661"},{"taxonomy":"post_tag","embeddable":true,"href":"https:\/\/blogs.correiobraziliense.com.br\/cbpoder\/wp-json\/wp\/v2\/tags?post=5661"}],"curies":[{"name":"wp","href":"https:\/\/api.w.org\/{rel}","templated":true}]}}