{"id":5646,"date":"2016-09-06T16:34:22","date_gmt":"2016-09-06T19:34:22","guid":{"rendered":"https:\/\/blogs.correiobraziliense.com.br\/cbpoder\/?p=5646"},"modified":"2016-10-19T19:39:21","modified_gmt":"2016-10-19T21:39:21","slug":"pt-pede-cassacao-da-celina-leao","status":"publish","type":"post","link":"https:\/\/blogs.correiobraziliense.com.br\/cbpoder\/pt-pede-cassacao-da-celina-leao\/","title":{"rendered":"PT pede cassa\u00e7\u00e3o da Celina Le\u00e3o"},"content":{"rendered":"<p>ANA VIRIATO<\/p>\n<p>O presidente do PT\/DF, Roberto Policarpo, protocolou nesta ter\u00e7a-feira (06), na C\u00e2mara Legislativa, pedido de cassa\u00e7\u00e3o do mandato de Celina Le\u00e3o (PPS).<\/p>\n<p>De acordo com o l\u00edder petista, as informa\u00e7\u00f5es obtidas pela Pol\u00edcia Civil e pelo Minist\u00e9rio P\u00fablico, levadas \u00e0 p\u00fablico comprovam a configura\u00e7\u00e3o de quebra de decoro parlamentar e pr\u00e1tica de improbidade administrativa. &#8220;Est\u00e1 claro que ela, como presidente da Mesa Diretora, foi a respons\u00e1vel pela condu\u00e7\u00e3o do esquema&#8221;, explicou.<\/p>\n<p>O petista declarou, ainda, que a medida deu-se para &#8220;limpar a vergonha da c\u00fapula&#8221;.<\/p>\n<p>Os deputados distritais Julio C\u00e9sar (PRB), Cristiano Ara\u00fajo (PDT) e Bispo Renato Andrade (PR) n\u00e3o foram alvos da representa\u00e7\u00e3o. Roberto Policarpo (PT), no entanto, afirmou que a legenda acompanha o caso e, mediante o andamento das investiga\u00e7\u00f5es, poder\u00e1 registrar novos pedidos de cassa\u00e7\u00e3o.<\/p>\n","protected":false},"excerpt":{"rendered":"<p>ANA VIRIATO O presidente do PT\/DF, Roberto Policarpo, protocolou nesta ter\u00e7a-feira (06), na C\u00e2mara Legislativa, pedido de cassa\u00e7\u00e3o do mandato de Celina Le\u00e3o (PPS). De acordo com o l\u00edder petista, as informa\u00e7\u00f5es obtidas pela Pol\u00edcia Civil e pelo Minist\u00e9rio P\u00fablico, levadas \u00e0 p\u00fablico comprovam a configura\u00e7\u00e3o de quebra de decoro parlamentar e pr\u00e1tica de improbidade administrativa. &#8220;Est\u00e1 claro que ela, [&hellip;]<\/p>\n","protected":false},"author":9,"featured_media":5650,"comment_status":"open","ping_status":"open","sticky":false,"template":"","format":"standard","meta":{"footnotes":""},"categories":[234],"tags":[],"class_list":["post-5646","post","type-post","status-publish","format-standard","has-post-thumbnail","hentry","category-cb-poder"],"_links":{"self":[{"href":"https:\/\/blogs.correiobraziliense.com.br\/cbpoder\/wp-json\/wp\/v2\/posts\/5646","targetHints":{"allow":["GET"]}}],"collection":[{"href":"https:\/\/blogs.correiobraziliense.com.br\/cbpoder\/wp-json\/wp\/v2\/posts"}],"about":[{"href":"https:\/\/blogs.correiobraziliense.com.br\/cbpoder\/wp-json\/wp\/v2\/types\/post"}],"author":[{"embeddable":true,"href":"https:\/\/blogs.correiobraziliense.com.br\/cbpoder\/wp-json\/wp\/v2\/users\/9"}],"replies":[{"embeddable":true,"href":"https:\/\/blogs.correiobraziliense.com.br\/cbpoder\/wp-json\/wp\/v2\/comments?post=5646"}],"version-history":[{"count":2,"href":"https:\/\/blogs.correiobraziliense.com.br\/cbpoder\/wp-json\/wp\/v2\/posts\/5646\/revisions"}],"predecessor-version":[{"id":5664,"href":"https:\/\/blogs.correiobraziliense.com.br\/cbpoder\/wp-json\/wp\/v2\/posts\/5646\/revisions\/5664"}],"wp:featuredmedia":[{"embeddable":true,"href":"https:\/\/blogs.correiobraziliense.com.br\/cbpoder\/wp-json\/wp\/v2\/media\/5650"}],"wp:attachment":[{"href":"https:\/\/blogs.correiobraziliense.com.br\/cbpoder\/wp-json\/wp\/v2\/media?parent=5646"}],"wp:term":[{"taxonomy":"category","embeddable":true,"href":"https:\/\/blogs.correiobraziliense.com.br\/cbpoder\/wp-json\/wp\/v2\/categories?post=5646"},{"taxonomy":"post_tag","embeddable":true,"href":"https:\/\/blogs.correiobraziliense.com.br\/cbpoder\/wp-json\/wp\/v2\/tags?post=5646"}],"curies":[{"name":"wp","href":"https:\/\/api.w.org\/{rel}","templated":true}]}}