{"id":5624,"date":"2016-09-02T09:55:41","date_gmt":"2016-09-02T12:55:41","guid":{"rendered":"https:\/\/blogs.correiobraziliense.com.br\/cbpoder\/?p=5624"},"modified":"2016-09-02T09:57:37","modified_gmt":"2016-09-02T12:57:37","slug":"casa-militar-diz-que-vai-colaborar-com-investigacao-da-policia-civil","status":"publish","type":"post","link":"https:\/\/blogs.correiobraziliense.com.br\/cbpoder\/casa-militar-diz-que-vai-colaborar-com-investigacao-da-policia-civil\/","title":{"rendered":"Casa Militar diz que vai colaborar com investiga\u00e7\u00e3o da Pol\u00edcia Civil"},"content":{"rendered":"<p>O chefe da Casa Militar, Cl\u00e1udio Ribas, divulgou nota sobre a Opera\u00e7\u00e3o Pal\u00e1cio Real, deflagrada nesta manh\u00e3 (02), pela Delegacia de Combate ao Crime Organizado (Deco) da Pol\u00edcia Civil do DF.<\/p>\n<p>O oficial sustenta que a Casa Militar vai colaborar nas investiga\u00e7\u00f4es da Pol\u00edcia Civil sobre os fatos que est\u00e3o relacionados ao governo anterior, de Agnelo Queiroz (PT).<\/p>\n<p>A Deco investiga a suposta participa\u00e7\u00e3o do Coronel Cirl\u00e2ndio Martins, ex-chefe de gabinete da Casa Militar, no epis\u00f3dio em que o policial militar Jo\u00e3o Dias invadiu o Pal\u00e1cio do Buriti, em 2011, para atingir o ent\u00e3o secret\u00e1rio de Governo, Paulo Tadeu, hoje conselheiro do Tribunal de Contas do DF. O policial jogou uma mala com R$ 200 mil no gabinete de Paulo Tadeu para passar uma imagem de que estaria devolvendo o dinheiro.<\/p>\n<p>Na nota, a Casa Militar diz que Cirl\u00e2ndio n\u00e3o est\u00e1 mais lotado no \u00f3rg\u00e3o.<\/p>\n<p>O coronel foi exonerado h\u00e1 uma semana. Ao blog, o coronel Ribas disse que Cirl\u00e2ndio foi transferido da Casa Militar para a \u00e1rea de sa\u00fade da Pol\u00edcia Militar, pela sua articula\u00e7\u00e3o pol\u00edtica, para cuidar dos problemas do Fundo de Sa\u00fade da PM.<\/p>\n<p>Veja a nota da Casa Militar:<\/p>\n<p>&#8220;A Casa Militar explica que foi franqueado o acesso aos agentes da Pol\u00edcia Civil que realizaram, na manh\u00e3 de hoje, busca e apreens\u00e3o de documentos e arquivos de computador relacionados ao ex-servidor Cirl\u00e2ndio Martins dos Santos, exonerado no dia 24 de agosto.<\/p>\n<p>A opera\u00e7\u00e3o da Pol\u00edcia Civil \u00e9 consequ\u00eancia de uma investiga\u00e7\u00e3o iniciada no governo passado, em 2012.<\/p>\n<p>A Casa Militar ir\u00e1 colaborar no que for poss\u00edvel com as investiga\u00e7\u00f5es&#8221;.<\/p>\n<p>Foto: Breno Fortes<\/p>\n","protected":false},"excerpt":{"rendered":"<p>O chefe da Casa Militar, Cl\u00e1udio Ribas, divulgou nota sobre a Opera\u00e7\u00e3o Pal\u00e1cio Real, deflagrada nesta manh\u00e3 (02), pela Delegacia de Combate ao Crime Organizado (Deco) da Pol\u00edcia Civil do DF. O oficial sustenta que a Casa Militar vai colaborar nas investiga\u00e7\u00f4es da Pol\u00edcia Civil sobre os fatos que est\u00e3o relacionados ao governo anterior, de Agnelo Queiroz (PT). A Deco [&hellip;]<\/p>\n","protected":false},"author":9,"featured_media":5627,"comment_status":"open","ping_status":"closed","sticky":false,"template":"","format":"standard","meta":{"footnotes":""},"categories":[234],"tags":[],"class_list":["post-5624","post","type-post","status-publish","format-standard","has-post-thumbnail","hentry","category-cb-poder"],"_links":{"self":[{"href":"https:\/\/blogs.correiobraziliense.com.br\/cbpoder\/wp-json\/wp\/v2\/posts\/5624","targetHints":{"allow":["GET"]}}],"collection":[{"href":"https:\/\/blogs.correiobraziliense.com.br\/cbpoder\/wp-json\/wp\/v2\/posts"}],"about":[{"href":"https:\/\/blogs.correiobraziliense.com.br\/cbpoder\/wp-json\/wp\/v2\/types\/post"}],"author":[{"embeddable":true,"href":"https:\/\/blogs.correiobraziliense.com.br\/cbpoder\/wp-json\/wp\/v2\/users\/9"}],"replies":[{"embeddable":true,"href":"https:\/\/blogs.correiobraziliense.com.br\/cbpoder\/wp-json\/wp\/v2\/comments?post=5624"}],"version-history":[{"count":1,"href":"https:\/\/blogs.correiobraziliense.com.br\/cbpoder\/wp-json\/wp\/v2\/posts\/5624\/revisions"}],"predecessor-version":[{"id":5626,"href":"https:\/\/blogs.correiobraziliense.com.br\/cbpoder\/wp-json\/wp\/v2\/posts\/5624\/revisions\/5626"}],"wp:featuredmedia":[{"embeddable":true,"href":"https:\/\/blogs.correiobraziliense.com.br\/cbpoder\/wp-json\/wp\/v2\/media\/5627"}],"wp:attachment":[{"href":"https:\/\/blogs.correiobraziliense.com.br\/cbpoder\/wp-json\/wp\/v2\/media?parent=5624"}],"wp:term":[{"taxonomy":"category","embeddable":true,"href":"https:\/\/blogs.correiobraziliense.com.br\/cbpoder\/wp-json\/wp\/v2\/categories?post=5624"},{"taxonomy":"post_tag","embeddable":true,"href":"https:\/\/blogs.correiobraziliense.com.br\/cbpoder\/wp-json\/wp\/v2\/tags?post=5624"}],"curies":[{"name":"wp","href":"https:\/\/api.w.org\/{rel}","templated":true}]}}