{"id":5620,"date":"2016-09-02T09:23:43","date_gmt":"2016-09-02T12:23:43","guid":{"rendered":"https:\/\/blogs.correiobraziliense.com.br\/cbpoder\/?p=5620"},"modified":"2016-09-02T09:33:35","modified_gmt":"2016-09-02T12:33:35","slug":"policia-civil-faz-busca-e-apreensao-na-casa-militar-do-palacio-do-buriti","status":"publish","type":"post","link":"https:\/\/blogs.correiobraziliense.com.br\/cbpoder\/policia-civil-faz-busca-e-apreensao-na-casa-militar-do-palacio-do-buriti\/","title":{"rendered":"Pol\u00edcia Civil faz busca e apreens\u00e3o na Casa Militar do Pal\u00e1cio do Buriti"},"content":{"rendered":"<p>ANA MARIA CAMPOS<br \/>\nNATH\u00c1LIA CARDIM<br \/>\nBRENO FORTES (FOTOS)<\/p>\n<p>Policiais civis da Delegacia de Combate ao Crime Organizado (Deco) cumprem nesta manh\u00e3 (02) mandados de busca e apreens\u00e3o na Casa Militar do DF, no Pal\u00e1cio do Buriti. O alvo da investiga\u00e7\u00e3o \u00e9 o Coronel Cirl\u00e2ndio Martins dos Santos, que at\u00e9 uma semana atr\u00e1s era o chefe de gabinete da Casa Militar, comandada pelo Coronel Cl\u00e1udio Ribas, respons\u00e1vel pela seguran\u00e7a do governador Rodrigo Rollemberg. A opera\u00e7\u00e3o foi batizada de Pal\u00e1cio Real.<\/p>\n<p>Os policiais civis realizam tamb\u00e9m busca e apreens\u00e3o nas casas do Coronel Cirl\u00e5ndio, no Condom\u00ednio RK, e do policial militar reformado Jo\u00e3o Dias, no Condom\u00ednio Bela Vista, em Sobradinho. H\u00e1 ainda mandado de condu\u00e7\u00e3o coercitiva contra Jo\u00e3o Dias. Toda a opera\u00e7\u00e3o foi autorizada pela Justi\u00e7a.<\/p>\n<p>Os investigadores apuram a rela\u00e7\u00e3o entre os dois policiais militares e a participa\u00e7\u00e3o deles no epis\u00f3dio em que Jo\u00e3o Dias invadiu o Pal\u00e1cio do Buriti, em 2011, na gest\u00e3o de Agnelo Queiroz, para desafiar o ent\u00e3o secret\u00e1rio de Governo, Paulo Tadeu, hoje conselheiro do Tribunal de Contas do DF. Jo\u00e3o Dias entrou sem qualquer inc\u00f4modo, foi ao gabinete de Paulo Tadeu e jogou sobre a mesa c\u00e9dulas que somavam R$ 200 mil. Jo\u00e3o Dias chegou a agredir uma funcion\u00e1ria do ent\u00e3o secret\u00e1rio que at\u00e9 hoje trabalha com ele, no Tribunal de Contas do DF.<\/p>\n<p>O conselheiro Paulo Tadeu sempre afirmou que o epis\u00f3dio foi uma arma\u00e7\u00e3o de Jo\u00e3o Dias para prejudic\u00e1-lo politicamente. Ao invadir a Secretaria de Governo, Dias disse que foi ao Pal\u00e1cio do Buriti devolver o dinheiro a Paulo Tadeu.<\/p>\n<p>Cirl\u00e2ndio foi candidato a deputado distrital em 2010 pelo PMDB, na coliga\u00e7\u00e3o liderada pelo petista Agnelo Queiroz. Teve cerca de 1,5 mil votos e n\u00e3o se elegeu. Ele tamb\u00e9m exerceu o cargo de administrador regional de Planaltina. No governo atual, trabalhava como chefe de gabinete da Casa Militar. A exonera\u00e7\u00e3o dele foi publicada no Di\u00e1rio Oficial do DF de 24 de agosto.<\/p>\n","protected":false},"excerpt":{"rendered":"<p>ANA MARIA CAMPOS NATH\u00c1LIA CARDIM BRENO FORTES (FOTOS) Policiais civis da Delegacia de Combate ao Crime Organizado (Deco) cumprem nesta manh\u00e3 (02) mandados de busca e apreens\u00e3o na Casa Militar do DF, no Pal\u00e1cio do Buriti. O alvo da investiga\u00e7\u00e3o \u00e9 o Coronel Cirl\u00e2ndio Martins dos Santos, que at\u00e9 uma semana atr\u00e1s era o chefe de gabinete da Casa Militar, [&hellip;]<\/p>\n","protected":false},"author":9,"featured_media":5621,"comment_status":"open","ping_status":"closed","sticky":false,"template":"","format":"standard","meta":{"footnotes":""},"categories":[234],"tags":[],"class_list":["post-5620","post","type-post","status-publish","format-standard","has-post-thumbnail","hentry","category-cb-poder"],"_links":{"self":[{"href":"https:\/\/blogs.correiobraziliense.com.br\/cbpoder\/wp-json\/wp\/v2\/posts\/5620","targetHints":{"allow":["GET"]}}],"collection":[{"href":"https:\/\/blogs.correiobraziliense.com.br\/cbpoder\/wp-json\/wp\/v2\/posts"}],"about":[{"href":"https:\/\/blogs.correiobraziliense.com.br\/cbpoder\/wp-json\/wp\/v2\/types\/post"}],"author":[{"embeddable":true,"href":"https:\/\/blogs.correiobraziliense.com.br\/cbpoder\/wp-json\/wp\/v2\/users\/9"}],"replies":[{"embeddable":true,"href":"https:\/\/blogs.correiobraziliense.com.br\/cbpoder\/wp-json\/wp\/v2\/comments?post=5620"}],"version-history":[{"count":2,"href":"https:\/\/blogs.correiobraziliense.com.br\/cbpoder\/wp-json\/wp\/v2\/posts\/5620\/revisions"}],"predecessor-version":[{"id":5623,"href":"https:\/\/blogs.correiobraziliense.com.br\/cbpoder\/wp-json\/wp\/v2\/posts\/5620\/revisions\/5623"}],"wp:featuredmedia":[{"embeddable":true,"href":"https:\/\/blogs.correiobraziliense.com.br\/cbpoder\/wp-json\/wp\/v2\/media\/5621"}],"wp:attachment":[{"href":"https:\/\/blogs.correiobraziliense.com.br\/cbpoder\/wp-json\/wp\/v2\/media?parent=5620"}],"wp:term":[{"taxonomy":"category","embeddable":true,"href":"https:\/\/blogs.correiobraziliense.com.br\/cbpoder\/wp-json\/wp\/v2\/categories?post=5620"},{"taxonomy":"post_tag","embeddable":true,"href":"https:\/\/blogs.correiobraziliense.com.br\/cbpoder\/wp-json\/wp\/v2\/tags?post=5620"}],"curies":[{"name":"wp","href":"https:\/\/api.w.org\/{rel}","templated":true}]}}