{"id":5617,"date":"2016-09-02T07:08:32","date_gmt":"2016-09-02T10:08:32","guid":{"rendered":"https:\/\/blogs.correiobraziliense.com.br\/cbpoder\/?p=5617"},"modified":"2016-09-02T07:08:32","modified_gmt":"2016-09-02T10:08:32","slug":"policia-civil-e-mp-fazem-nova-busca-na-camara-legislativa","status":"publish","type":"post","link":"https:\/\/blogs.correiobraziliense.com.br\/cbpoder\/policia-civil-e-mp-fazem-nova-busca-na-camara-legislativa\/","title":{"rendered":"Policia Civil e MP fazem nova busca na C\u00e2mara Legislativa"},"content":{"rendered":"<p>Policiais civis e promotores de Justi\u00e7a cumprem neste momento um novo mandado de busca e apreens\u00e3o na C\u00e2mara Legislativa, numa segunda etapa da Opera\u00e7\u00e3o Dr\u00e1con.<\/p>\n<p>Os investigadores v\u00e3o vasculhar novamente a presid\u00eancia da C\u00e2mara Legislativa e os gabinetes dos demais integrantes da Mesa Diretora que foram afastados, Eles tamb\u00e9m v\u00e3o a novos locais, como a vice-presid\u00eancia, a primeira, segunda e terceira secretarias, al\u00e9m da secretaria-geral da Mesa Diretora.<\/p>\n<p>O objetivo \u00e9 colher novas provas sobre o suposto esquema de corrup\u00e7\u00e3o com a venda de emendas parlamentares.<\/p>\n","protected":false},"excerpt":{"rendered":"<p>Policiais civis e promotores de Justi\u00e7a cumprem neste momento um novo mandado de busca e apreens\u00e3o na C\u00e2mara Legislativa, numa segunda etapa da Opera\u00e7\u00e3o Dr\u00e1con. Os investigadores v\u00e3o vasculhar novamente a presid\u00eancia da C\u00e2mara Legislativa e os gabinetes dos demais integrantes da Mesa Diretora que foram afastados, Eles tamb\u00e9m v\u00e3o a novos locais, como a vice-presid\u00eancia, a primeira, segunda e [&hellip;]<\/p>\n","protected":false},"author":9,"featured_media":0,"comment_status":"open","ping_status":"closed","sticky":false,"template":"","format":"standard","meta":{"footnotes":""},"categories":[234],"tags":[],"class_list":["post-5617","post","type-post","status-publish","format-standard","hentry","category-cb-poder"],"_links":{"self":[{"href":"https:\/\/blogs.correiobraziliense.com.br\/cbpoder\/wp-json\/wp\/v2\/posts\/5617","targetHints":{"allow":["GET"]}}],"collection":[{"href":"https:\/\/blogs.correiobraziliense.com.br\/cbpoder\/wp-json\/wp\/v2\/posts"}],"about":[{"href":"https:\/\/blogs.correiobraziliense.com.br\/cbpoder\/wp-json\/wp\/v2\/types\/post"}],"author":[{"embeddable":true,"href":"https:\/\/blogs.correiobraziliense.com.br\/cbpoder\/wp-json\/wp\/v2\/users\/9"}],"replies":[{"embeddable":true,"href":"https:\/\/blogs.correiobraziliense.com.br\/cbpoder\/wp-json\/wp\/v2\/comments?post=5617"}],"version-history":[{"count":1,"href":"https:\/\/blogs.correiobraziliense.com.br\/cbpoder\/wp-json\/wp\/v2\/posts\/5617\/revisions"}],"predecessor-version":[{"id":5618,"href":"https:\/\/blogs.correiobraziliense.com.br\/cbpoder\/wp-json\/wp\/v2\/posts\/5617\/revisions\/5618"}],"wp:attachment":[{"href":"https:\/\/blogs.correiobraziliense.com.br\/cbpoder\/wp-json\/wp\/v2\/media?parent=5617"}],"wp:term":[{"taxonomy":"category","embeddable":true,"href":"https:\/\/blogs.correiobraziliense.com.br\/cbpoder\/wp-json\/wp\/v2\/categories?post=5617"},{"taxonomy":"post_tag","embeddable":true,"href":"https:\/\/blogs.correiobraziliense.com.br\/cbpoder\/wp-json\/wp\/v2\/tags?post=5617"}],"curies":[{"name":"wp","href":"https:\/\/api.w.org\/{rel}","templated":true}]}}