{"id":5609,"date":"2016-09-01T06:40:23","date_gmt":"2016-09-01T09:40:23","guid":{"rendered":"https:\/\/blogs.correiobraziliense.com.br\/cbpoder\/?p=5609"},"modified":"2016-09-01T07:36:54","modified_gmt":"2016-09-01T10:36:54","slug":"mpdft-e-policia-civil-deflagram-operacao-contra-esquema-no-fornecimento-de-orteses-e-proteses","status":"publish","type":"post","link":"https:\/\/blogs.correiobraziliense.com.br\/cbpoder\/mpdft-e-policia-civil-deflagram-operacao-contra-esquema-no-fornecimento-de-orteses-e-proteses\/","title":{"rendered":"MPDFT e Pol\u00edcia Civil deflagram opera\u00e7\u00e3o contra esquema no fornecimento de \u00f3rteses e pr\u00f3teses"},"content":{"rendered":"<p>Promotores de Justi\u00e7a e policiais civis deflagraram nesta manh\u00e3 (01\/09) a Opera\u00e7\u00e3o Hyde, com cumprimento de 5 mandados de pris\u00e3o preventiva, 8 mandados de pris\u00e3o tempor\u00e1ria, 4 condu\u00e7\u00f5es coercitivas e 21 de busca e apreens\u00e3o.<\/p>\n<p>Entre os alvos est\u00e1 o Hospital Home, na L2 Sul.<\/p>\n<p>Autorizada pela 2\u00aa Vara Criminal de Bras\u00edlia, a opera\u00e7\u00e3o envolve m\u00e9dicos, hospitais e empresas que prestam servi\u00e7os de sa\u00fade para fornecimento de \u00f3rteses e pr\u00f3teses.<\/p>\n<p>A opera\u00e7\u00e3o \u00e9 uma parceria da Delegacia de Combate ao Crime Organizado (Deco), da Pol\u00edcia Civil, com as Promotorias de Defesa da Vida (Provida) e de Prote\u00e7\u00e3o ao Sistema de Sa\u00fade (Prosus) do Minist\u00e9rio P\u00fablico do Distrito Federal e Territ\u00f3rios (MPDFT).<\/p>\n<p>A suspeita \u00e9 de que tenha sido constitu\u00edda uma organiza\u00e7\u00e3o criminosa que envolva procedimentos m\u00e9dicos desnecess\u00e1rios com o uso de \u00f3rteses e pr\u00f3teses de qualidade inferior ou com data de validade vencida, compradas com pre\u00e7os superfaturados.<\/p>\n<p>A seguir mais informa\u00e7\u00f5es<\/p>\n","protected":false},"excerpt":{"rendered":"<p>Promotores de Justi\u00e7a e policiais civis deflagraram nesta manh\u00e3 (01\/09) a Opera\u00e7\u00e3o Hyde, com cumprimento de 5 mandados de pris\u00e3o preventiva, 8 mandados de pris\u00e3o tempor\u00e1ria, 4 condu\u00e7\u00f5es coercitivas e 21 de busca e apreens\u00e3o. Entre os alvos est\u00e1 o Hospital Home, na L2 Sul. Autorizada pela 2\u00aa Vara Criminal de Bras\u00edlia, a opera\u00e7\u00e3o envolve m\u00e9dicos, hospitais e empresas que [&hellip;]<\/p>\n","protected":false},"author":9,"featured_media":0,"comment_status":"open","ping_status":"closed","sticky":false,"template":"","format":"standard","meta":{"footnotes":""},"categories":[234],"tags":[],"class_list":["post-5609","post","type-post","status-publish","format-standard","hentry","category-cb-poder"],"_links":{"self":[{"href":"https:\/\/blogs.correiobraziliense.com.br\/cbpoder\/wp-json\/wp\/v2\/posts\/5609","targetHints":{"allow":["GET"]}}],"collection":[{"href":"https:\/\/blogs.correiobraziliense.com.br\/cbpoder\/wp-json\/wp\/v2\/posts"}],"about":[{"href":"https:\/\/blogs.correiobraziliense.com.br\/cbpoder\/wp-json\/wp\/v2\/types\/post"}],"author":[{"embeddable":true,"href":"https:\/\/blogs.correiobraziliense.com.br\/cbpoder\/wp-json\/wp\/v2\/users\/9"}],"replies":[{"embeddable":true,"href":"https:\/\/blogs.correiobraziliense.com.br\/cbpoder\/wp-json\/wp\/v2\/comments?post=5609"}],"version-history":[{"count":6,"href":"https:\/\/blogs.correiobraziliense.com.br\/cbpoder\/wp-json\/wp\/v2\/posts\/5609\/revisions"}],"predecessor-version":[{"id":5616,"href":"https:\/\/blogs.correiobraziliense.com.br\/cbpoder\/wp-json\/wp\/v2\/posts\/5609\/revisions\/5616"}],"wp:attachment":[{"href":"https:\/\/blogs.correiobraziliense.com.br\/cbpoder\/wp-json\/wp\/v2\/media?parent=5609"}],"wp:term":[{"taxonomy":"category","embeddable":true,"href":"https:\/\/blogs.correiobraziliense.com.br\/cbpoder\/wp-json\/wp\/v2\/categories?post=5609"},{"taxonomy":"post_tag","embeddable":true,"href":"https:\/\/blogs.correiobraziliense.com.br\/cbpoder\/wp-json\/wp\/v2\/tags?post=5609"}],"curies":[{"name":"wp","href":"https:\/\/api.w.org\/{rel}","templated":true}]}}