{"id":5599,"date":"2016-08-31T15:04:29","date_gmt":"2016-08-31T18:04:29","guid":{"rendered":"https:\/\/blogs.correiobraziliense.com.br\/cbpoder\/?p=5599"},"modified":"2016-08-31T15:26:31","modified_gmt":"2016-08-31T18:26:31","slug":"sindicatos-da-policia-civil-recusam-proposta-do-gdf-negociacoes-continuam","status":"publish","type":"post","link":"https:\/\/blogs.correiobraziliense.com.br\/cbpoder\/sindicatos-da-policia-civil-recusam-proposta-do-gdf-negociacoes-continuam\/","title":{"rendered":"Sindicatos da Pol\u00edcia Civil recusam proposta do GDF. Negocia\u00e7\u00f5es continuam"},"content":{"rendered":"<p>ANA MARIA CAMPOS E ISA STACCIARINI<\/p>\n<p>Em reuni\u00e3o nesta manh\u00e3 (31), no Minist\u00e9rio P\u00fablico do DF, o governo do DF come\u00e7ou a negociar a proposta de reajuste salarial dos policiais civis. Uma nova reuni\u00e3o deve ocorrer na pr\u00f3xima segunda-feira (05).<\/p>\n<p>A proposta do governo prev\u00ea a paridade com a Pol\u00edcia Federal, ou seja, aumento de 37%, mas o primeiro reajuste dever\u00e1 incidir sobre o contracheque dos policiais civis apenas em 2018.<\/p>\n<p>Seriam 8% em janeiro de 2018, 7% em janeiro de 2019, 8% em janeiro de 2020 e 10% em janeiro de 2021. As informa\u00e7\u00f5es s\u00e3o do presidente do Sinpol-DF, Rodrigo Franco, o Ga\u00facho. &#8220;Foi um retrocesso. O governo piorou a proposta. Antes previa um reajuste j\u00e1 em 2017&#8221;, disse o sindicalista. &#8220;Com essa proposta, o reajuste fica para o pr\u00f3ximo governo&#8221;, afirma.<\/p>\n<p>O presidente em exerc\u00edcio do Sindicato dos Delegados de Pol\u00edcia Civil (Sindepo), Rafael Sampaio, concorda. &#8220;O reajuste do governo Rollemberg \u00e9 de apenas 8%. O resto fica de heran\u00e7a para a pr\u00f3ximo governo&#8221;, disse o delegado. &#8220;Nossa impress\u00e3o \u00e9 de que o governo est\u00e1 avaliando o impacto de reajustes de outras carreiras. Sa\u00edmos da reuni\u00e3o com a sensa\u00e7\u00e3o de que n\u00e3o somos prioridade&#8221;, acrescenta.<\/p>\n<p>A sugest\u00e3o do GDF foi recha\u00e7ada pelos sindicatos. Mas ser\u00e1 levada em assembleias que dever\u00e3o ocorrer amanh\u00e3 (01).<\/p>\n<p>Segundo Ga\u00facho, houve, na reuni\u00e3o. uma interven\u00e7\u00e3o dos integrantes do Minist\u00e9rio P\u00fablico que acompanham as negocia\u00e7\u00f5es, com um pedido de que haja esfor\u00e7o do governo para que uma primeira parte do reajuste ocorra j\u00e1 em 2017.<\/p>\n<p>Participaram da reuni\u00e3o integrantes do governo, promotores de Justi\u00e7a e representantes da Pol\u00edcia Civil.<\/p>\n<p>Em nota, o Minist\u00e9rio P\u00fablico do DF ressalta que participa das negocia\u00e7\u00f5es para evitar que a popula\u00e7\u00e3o do DF seja prejudicada pelo movimento grevista da Pol\u00edcia Civil.<\/p>\n<p>Veja a \u00edntegra da nota do MPDFT:<\/p>\n<p>Em raz\u00e3o da a\u00e7\u00e3o judicial sobre a ilegalidade da greve da Pol\u00edcia Civil, o MPDFT, por meio da Procuradoria Distrital dos Direitos do Cidad\u00e3o e do N\u00facleo de Controle Externo da Atividade Policial realizaram reuni\u00e3o de autocomposi\u00e7\u00e3o na manh\u00e3 desta quarta-feira, dia 31.<\/p>\n<p>O encontro teve o objetivo de tentar mediar um acordo entre os sindicatos e o GDF, a fim de evitar que a popula\u00e7\u00e3o do Distrito Federal seja prejudicada pelo movimento grevista.<\/p>\n<p>Al\u00e9m do MPDFT e dos dois sindicatos, tamb\u00e9m participaram da reuni\u00e3o representantes das secretarias de Fazenda e Planejamento e da Casa Civil do DF, do Minist\u00e9rio P\u00fablico de Contas, da procuradoria-geral do DF e da PCDF.<\/p>\n","protected":false},"excerpt":{"rendered":"<p>ANA MARIA CAMPOS E ISA STACCIARINI Em reuni\u00e3o nesta manh\u00e3 (31), no Minist\u00e9rio P\u00fablico do DF, o governo do DF come\u00e7ou a negociar a proposta de reajuste salarial dos policiais civis. Uma nova reuni\u00e3o deve ocorrer na pr\u00f3xima segunda-feira (05). A proposta do governo prev\u00ea a paridade com a Pol\u00edcia Federal, ou seja, aumento de 37%, mas o primeiro reajuste [&hellip;]<\/p>\n","protected":false},"author":9,"featured_media":0,"comment_status":"open","ping_status":"closed","sticky":false,"template":"","format":"standard","meta":{"footnotes":""},"categories":[234],"tags":[],"class_list":["post-5599","post","type-post","status-publish","format-standard","hentry","category-cb-poder"],"_links":{"self":[{"href":"https:\/\/blogs.correiobraziliense.com.br\/cbpoder\/wp-json\/wp\/v2\/posts\/5599","targetHints":{"allow":["GET"]}}],"collection":[{"href":"https:\/\/blogs.correiobraziliense.com.br\/cbpoder\/wp-json\/wp\/v2\/posts"}],"about":[{"href":"https:\/\/blogs.correiobraziliense.com.br\/cbpoder\/wp-json\/wp\/v2\/types\/post"}],"author":[{"embeddable":true,"href":"https:\/\/blogs.correiobraziliense.com.br\/cbpoder\/wp-json\/wp\/v2\/users\/9"}],"replies":[{"embeddable":true,"href":"https:\/\/blogs.correiobraziliense.com.br\/cbpoder\/wp-json\/wp\/v2\/comments?post=5599"}],"version-history":[{"count":4,"href":"https:\/\/blogs.correiobraziliense.com.br\/cbpoder\/wp-json\/wp\/v2\/posts\/5599\/revisions"}],"predecessor-version":[{"id":5606,"href":"https:\/\/blogs.correiobraziliense.com.br\/cbpoder\/wp-json\/wp\/v2\/posts\/5599\/revisions\/5606"}],"wp:attachment":[{"href":"https:\/\/blogs.correiobraziliense.com.br\/cbpoder\/wp-json\/wp\/v2\/media?parent=5599"}],"wp:term":[{"taxonomy":"category","embeddable":true,"href":"https:\/\/blogs.correiobraziliense.com.br\/cbpoder\/wp-json\/wp\/v2\/categories?post=5599"},{"taxonomy":"post_tag","embeddable":true,"href":"https:\/\/blogs.correiobraziliense.com.br\/cbpoder\/wp-json\/wp\/v2\/tags?post=5599"}],"curies":[{"name":"wp","href":"https:\/\/api.w.org\/{rel}","templated":true}]}}