{"id":5593,"date":"2016-08-31T11:14:52","date_gmt":"2016-08-31T14:14:52","guid":{"rendered":"https:\/\/blogs.correiobraziliense.com.br\/cbpoder\/?p=5593"},"modified":"2016-10-19T19:39:22","modified_gmt":"2016-10-19T21:39:22","slug":"ex-diretor-do-fundo-de-saude-presta-depoimento-na-cpi-da-saude","status":"publish","type":"post","link":"https:\/\/blogs.correiobraziliense.com.br\/cbpoder\/ex-diretor-do-fundo-de-saude-presta-depoimento-na-cpi-da-saude\/","title":{"rendered":"Ex-diretor do Fundo de Sa\u00fade presta depoimento na CPI da Sa\u00fade"},"content":{"rendered":"<p>Ana Viriato<\/p>\n<p>O ex-diretor do Fundo de Sa\u00fade do Distrito Federal Ricardo Cardoso presta esclarecimentos \u00e0 CPI da Sa\u00fade nesta quarta-feira (31) sobre\u00a0o suposto esquema de cobran\u00e7a de propina\u00a0para\u00a0libera\u00e7\u00e3o de recursos para o pagamento de d\u00edvidas de UTI.<\/p>\n<p>&nbsp;<\/p>\n<p>Ricardo Cardoso \u00e9 considerado pe\u00e7a fundamental nas investiga\u00e7\u00f5es devido ao papel de ordenador de despesas que tinha \u00e0 \u00e9poca. Um\u00a0despacho assinado por ele reconheceu os d\u00e9bitos do GDF com os hospitais Santa Marta (R$ 11 milh\u00f5es), Home (R$5 milh\u00f5es), Intensicare (R$5 milh\u00f5es), Instituto de Cardiologia do Distrito Federal (R$4,5 milh\u00f5es), S\u00e3o Mateus (R$2,5 milh\u00f5es) e S\u00e3o Francisco (R$2 milh\u00f5es).<br \/>\nDurante a oitiva, o ex-diretor do Fundo de Sa\u00fade do DF negou envolvimento com o esquema e afirmou ter executado a emenda da forma prevista em\u00a0em lei. &#8220;Os que me acusam n\u00e3o t\u00eam conhecimentos t\u00e9cnicos sobre a mat\u00e9ria or\u00e7ament\u00e1ria&#8221;, defendeu.\u00a0Questionado sobre a rapidez do reconhecimento dos d\u00e9bitos, Ricardo explicou que, caso a a\u00e7\u00e3o n\u00e3o fosse realizada at\u00e9 o t\u00e9rmino do ano em exerc\u00edcio, o cr\u00e9dito seria perdido. Disse, ainda, que o valor constava no sistema desde 11 de dezembro e, por isso, a proporcionalidade da destina\u00e7\u00e3o de recursos j\u00e1 havia sido estabelecida.<\/p>\n<p>&nbsp;<\/p>\n<p>O Projeto de Lei n\u00b0 833 fora publicado em 29 de dezembro e o despacho do valor do montante a ser pago aos centros de sa\u00fade, no dia seguinte.\u00a0Ainda em refer\u00eancia ao tema, Ricardo declarou n\u00e3o ter sofrido quaisquer press\u00f5es da C\u00e2mara Legislativa para dar celeridade \u00e0 libera\u00e7\u00e3o dos cr\u00e9ditos financeiros. Por\u00e9m,\u00a0 conta que foi chamado \u00e0 presid\u00eancia da Casa, antes da elabora\u00e7\u00e3o do Projeto de Lei que destinava os R$30 milh\u00f5es \u00e0s quitac\u00f5es de d\u00edvidas do GDF com os hospitais. &#8220;Um servidor, provavelmente envolvido com a \u00e1rea or\u00e7ament\u00e1ria, questionou como funcionava o programa de UTI&#8221;, revelou.<\/p>\n","protected":false},"excerpt":{"rendered":"<p>Ana Viriato O ex-diretor do Fundo de Sa\u00fade do Distrito Federal Ricardo Cardoso presta esclarecimentos \u00e0 CPI da Sa\u00fade nesta quarta-feira (31) sobre\u00a0o suposto esquema de cobran\u00e7a de propina\u00a0para\u00a0libera\u00e7\u00e3o de recursos para o pagamento de d\u00edvidas de UTI. &nbsp; Ricardo Cardoso \u00e9 considerado pe\u00e7a fundamental nas investiga\u00e7\u00f5es devido ao papel de ordenador de despesas que tinha \u00e0 \u00e9poca. Um\u00a0despacho assinado [&hellip;]<\/p>\n","protected":false},"author":9,"featured_media":5605,"comment_status":"open","ping_status":"open","sticky":false,"template":"","format":"standard","meta":{"footnotes":""},"categories":[234],"tags":[],"class_list":["post-5593","post","type-post","status-publish","format-standard","has-post-thumbnail","hentry","category-cb-poder"],"_links":{"self":[{"href":"https:\/\/blogs.correiobraziliense.com.br\/cbpoder\/wp-json\/wp\/v2\/posts\/5593","targetHints":{"allow":["GET"]}}],"collection":[{"href":"https:\/\/blogs.correiobraziliense.com.br\/cbpoder\/wp-json\/wp\/v2\/posts"}],"about":[{"href":"https:\/\/blogs.correiobraziliense.com.br\/cbpoder\/wp-json\/wp\/v2\/types\/post"}],"author":[{"embeddable":true,"href":"https:\/\/blogs.correiobraziliense.com.br\/cbpoder\/wp-json\/wp\/v2\/users\/9"}],"replies":[{"embeddable":true,"href":"https:\/\/blogs.correiobraziliense.com.br\/cbpoder\/wp-json\/wp\/v2\/comments?post=5593"}],"version-history":[{"count":3,"href":"https:\/\/blogs.correiobraziliense.com.br\/cbpoder\/wp-json\/wp\/v2\/posts\/5593\/revisions"}],"predecessor-version":[{"id":5601,"href":"https:\/\/blogs.correiobraziliense.com.br\/cbpoder\/wp-json\/wp\/v2\/posts\/5593\/revisions\/5601"}],"wp:featuredmedia":[{"embeddable":true,"href":"https:\/\/blogs.correiobraziliense.com.br\/cbpoder\/wp-json\/wp\/v2\/media\/5605"}],"wp:attachment":[{"href":"https:\/\/blogs.correiobraziliense.com.br\/cbpoder\/wp-json\/wp\/v2\/media?parent=5593"}],"wp:term":[{"taxonomy":"category","embeddable":true,"href":"https:\/\/blogs.correiobraziliense.com.br\/cbpoder\/wp-json\/wp\/v2\/categories?post=5593"},{"taxonomy":"post_tag","embeddable":true,"href":"https:\/\/blogs.correiobraziliense.com.br\/cbpoder\/wp-json\/wp\/v2\/tags?post=5593"}],"curies":[{"name":"wp","href":"https:\/\/api.w.org\/{rel}","templated":true}]}}