{"id":5589,"date":"2016-08-30T20:13:48","date_gmt":"2016-08-30T23:13:48","guid":{"rendered":"https:\/\/blogs.correiobraziliense.com.br\/cbpoder\/?p=5589"},"modified":"2016-10-19T19:39:23","modified_gmt":"2016-10-19T21:39:23","slug":"projeto-de-lei-aprovado-na-camara-pode-gerar-12-mil-moradias","status":"publish","type":"post","link":"https:\/\/blogs.correiobraziliense.com.br\/cbpoder\/projeto-de-lei-aprovado-na-camara-pode-gerar-12-mil-moradias\/","title":{"rendered":"Projeto de Lei aprovado pela C\u00e2mara Legislativa pode criar 12 mil novas moradias"},"content":{"rendered":"<p><strong>Ana Viriato<\/strong><br \/>\nApesar dos esc\u00e2ndalos pol\u00edticos, os trabalhos da C\u00e2mara Legislativa come\u00e7am a voltar \u00e0 normalidade. Durante as sess\u00f5es ordin\u00e1ria e extraordin\u00e1ria realizadas na tarde desta ter\u00e7a-feira (13\/8), foram aprovados\u00a0quatro projetos de lei. Entre eles, um de expressiva import\u00e2ncia para o Executivo \u2013 o PL 1.176\/2016. A proposta autoriza a transfer\u00eancia de quatro terrenos do Buriti \u00e0 Companhia Imobili\u00e1ria de Bras\u00edlia (Terracap), para a constru\u00e7\u00e3o do Itapo\u00e3 Parque. No espa\u00e7o, cujo tamanho equivale a 2,5 milh\u00f5es metros quadrados, ser\u00e3o constru\u00eddas cerca de 12 mil moradias. O local \u00e9 situado pr\u00f3ximo \u00e0 Estrada Parque Contorno (DF 001) e \u00e0\u00a0DF 250, via que liga o Parano\u00e1 \u00e0 Planaltina.<\/p>\n<p>&nbsp;<br \/>\nA proposta tramitava na Casa desde o in\u00edcio do ano. O PL passou na manh\u00e3 de ter\u00e7a\u00a0pela Comiss\u00e3o de Assuntos Fundi\u00e1rios (CAF). \u00c0 tarde, os quatorze deputados presentes no Plen\u00e1rio deram aval ao documento. O texto, por\u00e9m, recebeu uma emenda significativa. Ao artigo 4, acrescentou-se que a distribui\u00e7\u00e3o para as \u00e1reas comerciais e industriais, necess\u00e1rias pela opera\u00e7\u00e3o do empreendimento habitacional, deve ser precedida de\u00a0processo licitat\u00f3rio. A proposta, agora, ser\u00e1 vetada ou sancionada pelo governador Rodrigo Rollemberg.<\/p>\n<p>&nbsp;<br \/>\nEm relat\u00f3rio, a presidente da CAF, Telma Rufino (sem partido), descreveu: \u201cA medida \u00e9 necess\u00e1ria. Ap\u00f3s o registro em cart\u00f3rio, ser\u00e1 poss\u00edvel aprovar os projetos de infraestrutura e arquitetura, beneficiando mais de 12 mil fam\u00edlias que aguardam na fila habitacional do DF\u201d.<\/p>\n","protected":false},"excerpt":{"rendered":"<p>Ana Viriato Apesar dos esc\u00e2ndalos pol\u00edticos, os trabalhos da C\u00e2mara Legislativa come\u00e7am a voltar \u00e0 normalidade. Durante as sess\u00f5es ordin\u00e1ria e extraordin\u00e1ria realizadas na tarde desta ter\u00e7a-feira (13\/8), foram aprovados\u00a0quatro projetos de lei. Entre eles, um de expressiva import\u00e2ncia para o Executivo \u2013 o PL 1.176\/2016. A proposta autoriza a transfer\u00eancia de quatro terrenos do Buriti \u00e0 Companhia Imobili\u00e1ria de [&hellip;]<\/p>\n","protected":false},"author":9,"featured_media":0,"comment_status":"open","ping_status":"open","sticky":false,"template":"","format":"standard","meta":{"footnotes":""},"categories":[234],"tags":[],"class_list":["post-5589","post","type-post","status-publish","format-standard","hentry","category-cb-poder"],"_links":{"self":[{"href":"https:\/\/blogs.correiobraziliense.com.br\/cbpoder\/wp-json\/wp\/v2\/posts\/5589","targetHints":{"allow":["GET"]}}],"collection":[{"href":"https:\/\/blogs.correiobraziliense.com.br\/cbpoder\/wp-json\/wp\/v2\/posts"}],"about":[{"href":"https:\/\/blogs.correiobraziliense.com.br\/cbpoder\/wp-json\/wp\/v2\/types\/post"}],"author":[{"embeddable":true,"href":"https:\/\/blogs.correiobraziliense.com.br\/cbpoder\/wp-json\/wp\/v2\/users\/9"}],"replies":[{"embeddable":true,"href":"https:\/\/blogs.correiobraziliense.com.br\/cbpoder\/wp-json\/wp\/v2\/comments?post=5589"}],"version-history":[{"count":5,"href":"https:\/\/blogs.correiobraziliense.com.br\/cbpoder\/wp-json\/wp\/v2\/posts\/5589\/revisions"}],"predecessor-version":[{"id":5631,"href":"https:\/\/blogs.correiobraziliense.com.br\/cbpoder\/wp-json\/wp\/v2\/posts\/5589\/revisions\/5631"}],"wp:attachment":[{"href":"https:\/\/blogs.correiobraziliense.com.br\/cbpoder\/wp-json\/wp\/v2\/media?parent=5589"}],"wp:term":[{"taxonomy":"category","embeddable":true,"href":"https:\/\/blogs.correiobraziliense.com.br\/cbpoder\/wp-json\/wp\/v2\/categories?post=5589"},{"taxonomy":"post_tag","embeddable":true,"href":"https:\/\/blogs.correiobraziliense.com.br\/cbpoder\/wp-json\/wp\/v2\/tags?post=5589"}],"curies":[{"name":"wp","href":"https:\/\/api.w.org\/{rel}","templated":true}]}}