{"id":5585,"date":"2016-08-30T12:24:51","date_gmt":"2016-08-30T15:24:51","guid":{"rendered":"https:\/\/blogs.correiobraziliense.com.br\/cbpoder\/?p=5585"},"modified":"2016-10-19T19:39:25","modified_gmt":"2016-10-19T21:39:25","slug":"principal-assessor-de-celina-leao-deixa-secretaria-legislativa","status":"publish","type":"post","link":"https:\/\/blogs.correiobraziliense.com.br\/cbpoder\/principal-assessor-de-celina-leao-deixa-secretaria-legislativa\/","title":{"rendered":"Principal assessor de Celina Le\u00e3o deixa Secretaria Legislativa"},"content":{"rendered":"<p><strong>ISA STACCIARINI<\/strong><br \/>\nO principal assessor da presidente afastada da C\u00e2mara Legislativa do DF, Celina Le\u00e3o (PPS), pediu para ser exonerado do cargo de secret\u00e1rio legislativo. A sa\u00edda de Sandro de Morais Vieira foi publicada no Di\u00e1rio da C\u00e2mara Legislativa nesta ter\u00e7a-feira (30\/8). Ele assumiu um cargo especial no gabinete do Bloco Popular Solid\u00e1rio Social.<\/p>\n<p>&nbsp;<\/p>\n<p>Sandro recebia remunera\u00e7\u00e3o de R$ 11.928,92 no cargo de secret\u00e1rio legislativo, segundo demonstrativos de julho. Ele \u00e9 servidor do Superior Tribunal de Justi\u00e7a (STJ) e foi acusado pelo deputado distrital Chico Vigilante (PT) de ter retirado computadores de gabinetes da Casa na v\u00e9spera da Opera\u00e7\u00e3o Dracon. Sandro nega ter interferido nas investiga\u00e7\u00f5es. Em 23 de agosto, ele publicou uma nota de esclarecimento em que garantiu n\u00e3o ter retirado computadores nem qualquer outra prova da C\u00e2mara.<\/p>\n<p>&nbsp;<\/p>\n<p>O assessor de Celina tem, ainda, o nome envolvido em outros esc\u00e2ndalos pol\u00edticos. Em 2005, na CPI da Educa\u00e7\u00e3o, Sandro era assessor da deputada Eurides Brito e chegou a ser indiciado por ind\u00edcios de sonega\u00e7\u00e3o fiscal e crimes contra a ordem tribut\u00e1ria.\u00a0De acordo com o relat\u00f3rio final produzido em junho de 2006, havia exist\u00eancia de outros crimes ap\u00f3s an\u00e1lise dos documentos de quebra de sigilo banc\u00e1rio, mas eles foram encaminhados ao Minist\u00e9rio P\u00fablico do Distrito Federal e Territ\u00f3rios (MPDFT).<\/p>\n","protected":false},"excerpt":{"rendered":"<p>ISA STACCIARINI O principal assessor da presidente afastada da C\u00e2mara Legislativa do DF, Celina Le\u00e3o (PPS), pediu para ser exonerado do cargo de secret\u00e1rio legislativo. A sa\u00edda de Sandro de Morais Vieira foi publicada no Di\u00e1rio da C\u00e2mara Legislativa nesta ter\u00e7a-feira (30\/8). Ele assumiu um cargo especial no gabinete do Bloco Popular Solid\u00e1rio Social. &nbsp; Sandro recebia remunera\u00e7\u00e3o de R$ [&hellip;]<\/p>\n","protected":false},"author":9,"featured_media":5586,"comment_status":"open","ping_status":"open","sticky":false,"template":"","format":"standard","meta":{"footnotes":""},"categories":[234],"tags":[],"class_list":["post-5585","post","type-post","status-publish","format-standard","has-post-thumbnail","hentry","category-cb-poder"],"_links":{"self":[{"href":"https:\/\/blogs.correiobraziliense.com.br\/cbpoder\/wp-json\/wp\/v2\/posts\/5585","targetHints":{"allow":["GET"]}}],"collection":[{"href":"https:\/\/blogs.correiobraziliense.com.br\/cbpoder\/wp-json\/wp\/v2\/posts"}],"about":[{"href":"https:\/\/blogs.correiobraziliense.com.br\/cbpoder\/wp-json\/wp\/v2\/types\/post"}],"author":[{"embeddable":true,"href":"https:\/\/blogs.correiobraziliense.com.br\/cbpoder\/wp-json\/wp\/v2\/users\/9"}],"replies":[{"embeddable":true,"href":"https:\/\/blogs.correiobraziliense.com.br\/cbpoder\/wp-json\/wp\/v2\/comments?post=5585"}],"version-history":[{"count":1,"href":"https:\/\/blogs.correiobraziliense.com.br\/cbpoder\/wp-json\/wp\/v2\/posts\/5585\/revisions"}],"predecessor-version":[{"id":5587,"href":"https:\/\/blogs.correiobraziliense.com.br\/cbpoder\/wp-json\/wp\/v2\/posts\/5585\/revisions\/5587"}],"wp:featuredmedia":[{"embeddable":true,"href":"https:\/\/blogs.correiobraziliense.com.br\/cbpoder\/wp-json\/wp\/v2\/media\/5586"}],"wp:attachment":[{"href":"https:\/\/blogs.correiobraziliense.com.br\/cbpoder\/wp-json\/wp\/v2\/media?parent=5585"}],"wp:term":[{"taxonomy":"category","embeddable":true,"href":"https:\/\/blogs.correiobraziliense.com.br\/cbpoder\/wp-json\/wp\/v2\/categories?post=5585"},{"taxonomy":"post_tag","embeddable":true,"href":"https:\/\/blogs.correiobraziliense.com.br\/cbpoder\/wp-json\/wp\/v2\/tags?post=5585"}],"curies":[{"name":"wp","href":"https:\/\/api.w.org\/{rel}","templated":true}]}}