{"id":5582,"date":"2016-08-30T10:51:52","date_gmt":"2016-08-30T13:51:52","guid":{"rendered":"https:\/\/blogs.correiobraziliense.com.br\/cbpoder\/?p=5582"},"modified":"2016-08-30T10:51:52","modified_gmt":"2016-08-30T13:51:52","slug":"denuncia-por-porte-ilegal-de-arma-contra-valerio-neves","status":"publish","type":"post","link":"https:\/\/blogs.correiobraziliense.com.br\/cbpoder\/denuncia-por-porte-ilegal-de-arma-contra-valerio-neves\/","title":{"rendered":"Den\u00fancia por porte ilegal de arma contra Val\u00e9rio Neves"},"content":{"rendered":"<p>Al\u00e9m das den\u00fancias na Opera\u00e7\u00e3o Lava-Jato e da investiga\u00e7\u00e3o na Opera\u00e7\u00e3o Dr\u00e1con, o ex-secret\u00e1rio-geral da Mesa Diretora da C\u00e2mara Legislativa Val\u00e9rio Neves Campos responde a uma a\u00e7\u00e3o penal, na Sexta Vara Criminal de Bras\u00edlia, por porte ilegal de arma, crime previsto no caput do artigo 12 do Estatuto do Desarmamento. A pena \u00e9 de um a tr\u00eas anos de deten\u00e7\u00e3o, mais multa. O rev\u00f3lver foi encontrado na casa de Val\u00e9rio pela Pol\u00edcia Federal, no cumprimento do mandado de busca e apreens\u00e3o da Opera\u00e7\u00e3o Vit\u00f3ria de Pirro, desdobramento da Lava-Jato. Por conta disso, ele chegou a ter a pris\u00e3o em flagrante decretada e pagou fian\u00e7a de R$ 8,8 mil. Ele continuou mais tr\u00eas dias detido em Curitiba em decorr\u00eancia da pris\u00e3o provis\u00f3ria decretada pelo juiz S\u00e9rgio Moro, at\u00e9 que prestasse o primeiro depoimento sobre as suspeitas de corrup\u00e7\u00e3o relacionando empreiteiras envolvidas no esc\u00e2ndalo da Petrobras com a campanha de 2014.<\/p>\n","protected":false},"excerpt":{"rendered":"<p>Al\u00e9m das den\u00fancias na Opera\u00e7\u00e3o Lava-Jato e da investiga\u00e7\u00e3o na Opera\u00e7\u00e3o Dr\u00e1con, o ex-secret\u00e1rio-geral da Mesa Diretora da C\u00e2mara Legislativa Val\u00e9rio Neves Campos responde a uma a\u00e7\u00e3o penal, na Sexta Vara Criminal de Bras\u00edlia, por porte ilegal de arma, crime previsto no caput do artigo 12 do Estatuto do Desarmamento. A pena \u00e9 de um a tr\u00eas anos de deten\u00e7\u00e3o, [&hellip;]<\/p>\n","protected":false},"author":9,"featured_media":5583,"comment_status":"open","ping_status":"closed","sticky":false,"template":"","format":"standard","meta":{"footnotes":""},"categories":[234],"tags":[],"class_list":["post-5582","post","type-post","status-publish","format-standard","has-post-thumbnail","hentry","category-cb-poder"],"_links":{"self":[{"href":"https:\/\/blogs.correiobraziliense.com.br\/cbpoder\/wp-json\/wp\/v2\/posts\/5582","targetHints":{"allow":["GET"]}}],"collection":[{"href":"https:\/\/blogs.correiobraziliense.com.br\/cbpoder\/wp-json\/wp\/v2\/posts"}],"about":[{"href":"https:\/\/blogs.correiobraziliense.com.br\/cbpoder\/wp-json\/wp\/v2\/types\/post"}],"author":[{"embeddable":true,"href":"https:\/\/blogs.correiobraziliense.com.br\/cbpoder\/wp-json\/wp\/v2\/users\/9"}],"replies":[{"embeddable":true,"href":"https:\/\/blogs.correiobraziliense.com.br\/cbpoder\/wp-json\/wp\/v2\/comments?post=5582"}],"version-history":[{"count":1,"href":"https:\/\/blogs.correiobraziliense.com.br\/cbpoder\/wp-json\/wp\/v2\/posts\/5582\/revisions"}],"predecessor-version":[{"id":5584,"href":"https:\/\/blogs.correiobraziliense.com.br\/cbpoder\/wp-json\/wp\/v2\/posts\/5582\/revisions\/5584"}],"wp:featuredmedia":[{"embeddable":true,"href":"https:\/\/blogs.correiobraziliense.com.br\/cbpoder\/wp-json\/wp\/v2\/media\/5583"}],"wp:attachment":[{"href":"https:\/\/blogs.correiobraziliense.com.br\/cbpoder\/wp-json\/wp\/v2\/media?parent=5582"}],"wp:term":[{"taxonomy":"category","embeddable":true,"href":"https:\/\/blogs.correiobraziliense.com.br\/cbpoder\/wp-json\/wp\/v2\/categories?post=5582"},{"taxonomy":"post_tag","embeddable":true,"href":"https:\/\/blogs.correiobraziliense.com.br\/cbpoder\/wp-json\/wp\/v2\/tags?post=5582"}],"curies":[{"name":"wp","href":"https:\/\/api.w.org\/{rel}","templated":true}]}}