{"id":5573,"date":"2016-08-29T14:25:43","date_gmt":"2016-08-29T17:25:43","guid":{"rendered":"https:\/\/blogs.correiobraziliense.com.br\/cbpoder\/?p=5573"},"modified":"2016-10-19T19:39:27","modified_gmt":"2016-10-19T21:39:27","slug":"deputados-acusados-de-envolvimento-na-operacao-dracon-deixam-cpi-da-saude","status":"publish","type":"post","link":"https:\/\/blogs.correiobraziliense.com.br\/cbpoder\/deputados-acusados-de-envolvimento-na-operacao-dracon-deixam-cpi-da-saude\/","title":{"rendered":"Deputados acusados de envolvimento na Opera\u00e7\u00e3o Dr\u00e1con deixam a CPI da Sa\u00fade"},"content":{"rendered":"<p><strong>Isa Stacciarini<\/strong><\/p>\n<p>Investigado na Opera\u00e7\u00e3o Dracon<span style=\"line-height: 1.5\">, o deputado Cristiano Ara\u00fajo (PSD) pediu afastamento provis\u00f3rio do cargo de vice-presidente da CPI da Sa\u00fade da C\u00e2mara Legislativa do DF. Na justificativa o parlamentar esclarece que tomou a atitude \u201ca fim de que essa comiss\u00e3o continue trabalhando com isen\u00e7\u00e3o e imparcialidade, at\u00e9 que os esclarecimentos dos fatos que envolvam o meu nome\u201d.<\/span><\/p>\n<p>&nbsp;<\/p>\n<p>A sobra de emenda parlamentar no fim do ano passado, no valor de R$ 31 milh\u00f5es, seria destinada \u00e0\u00a0reforma de escolas da rede p\u00fablica, mas R$ 30 milh\u00f5es acabaram sendo liberados para d\u00edvidas do Governo do Distrito Federal (GDF) com empresas de UTIs em gest\u00f5es passadas. A ent\u00e3o vice-presidente da Casa, Liliane Roriz (PTB), come\u00e7ou a gravar a presidente afastada da C\u00e2mara, Celina Le\u00e3o (PPS), e o ent\u00e3o secret\u00e1rio-geral, Val\u00e9rio Neves Campos, preso na opera\u00e7\u00e3o Lava-Jato.<\/p>\n<p>&nbsp;<\/p>\n<p>Na grava\u00e7\u00e3o com Val\u00e9rio, ele diz a Liliane que os deputados bispo Renato Andrade (PR), 3\u00ba secret\u00e1rio afastado da Mesa Diretora, e J\u00falio C\u00e9sar (PRB), 2\u00ba secret\u00e1rio tamb\u00e9m afastado, tentaram \u201cum neg\u00f3cio\u201d com o presidente da Associa\u00e7\u00e3o Brasiliense de Construtores (Asbraco), Afonso Assad. Na conversa, Val\u00e9rio conta que o empres\u00e1rio havia dito que \u201cn\u00e3o tinha jeito\u201d, em alus\u00e3o a propina. Ainda na mesma ocasi\u00e3o, ele esclarece que o deputado Cristiano Ara\u00fajo (PSD) conseguiu \u201co neg\u00f3cio das UTIs, onde teria jeito\u201d, o que explicaria a mudan\u00e7a de destina\u00e7\u00e3o da sobra da emenda parlamentar.<\/p>\n<p>&nbsp;<\/p>\n<p>O deputado Julio Cesar tamb\u00e9m comunicou nesta segunda-feira (29)\u00a0o seu licenciamento tempor\u00e1rio como membro titular da CPI da Sa\u00fade. Segundo ele, a medida \u00e9 &#8220;para que a CPI continue trabalhando com seriedade e imparcialidade, como tem sido conduzida desde o in\u00edcio das apura\u00e7\u00f5es.&#8221;<\/p>\n","protected":false},"excerpt":{"rendered":"<p>Isa Stacciarini Investigado na Opera\u00e7\u00e3o Dracon, o deputado Cristiano Ara\u00fajo (PSD) pediu afastamento provis\u00f3rio do cargo de vice-presidente da CPI da Sa\u00fade da C\u00e2mara Legislativa do DF. Na justificativa o parlamentar esclarece que tomou a atitude \u201ca fim de que essa comiss\u00e3o continue trabalhando com isen\u00e7\u00e3o e imparcialidade, at\u00e9 que os esclarecimentos dos fatos que envolvam o meu nome\u201d. &nbsp; [&hellip;]<\/p>\n","protected":false},"author":9,"featured_media":0,"comment_status":"open","ping_status":"open","sticky":false,"template":"","format":"standard","meta":{"footnotes":""},"categories":[234],"tags":[],"class_list":["post-5573","post","type-post","status-publish","format-standard","hentry","category-cb-poder"],"_links":{"self":[{"href":"https:\/\/blogs.correiobraziliense.com.br\/cbpoder\/wp-json\/wp\/v2\/posts\/5573","targetHints":{"allow":["GET"]}}],"collection":[{"href":"https:\/\/blogs.correiobraziliense.com.br\/cbpoder\/wp-json\/wp\/v2\/posts"}],"about":[{"href":"https:\/\/blogs.correiobraziliense.com.br\/cbpoder\/wp-json\/wp\/v2\/types\/post"}],"author":[{"embeddable":true,"href":"https:\/\/blogs.correiobraziliense.com.br\/cbpoder\/wp-json\/wp\/v2\/users\/9"}],"replies":[{"embeddable":true,"href":"https:\/\/blogs.correiobraziliense.com.br\/cbpoder\/wp-json\/wp\/v2\/comments?post=5573"}],"version-history":[{"count":2,"href":"https:\/\/blogs.correiobraziliense.com.br\/cbpoder\/wp-json\/wp\/v2\/posts\/5573\/revisions"}],"predecessor-version":[{"id":5575,"href":"https:\/\/blogs.correiobraziliense.com.br\/cbpoder\/wp-json\/wp\/v2\/posts\/5573\/revisions\/5575"}],"wp:attachment":[{"href":"https:\/\/blogs.correiobraziliense.com.br\/cbpoder\/wp-json\/wp\/v2\/media?parent=5573"}],"wp:term":[{"taxonomy":"category","embeddable":true,"href":"https:\/\/blogs.correiobraziliense.com.br\/cbpoder\/wp-json\/wp\/v2\/categories?post=5573"},{"taxonomy":"post_tag","embeddable":true,"href":"https:\/\/blogs.correiobraziliense.com.br\/cbpoder\/wp-json\/wp\/v2\/tags?post=5573"}],"curies":[{"name":"wp","href":"https:\/\/api.w.org\/{rel}","templated":true}]}}