{"id":5569,"date":"2016-08-29T12:04:25","date_gmt":"2016-08-29T15:04:25","guid":{"rendered":"https:\/\/blogs.correiobraziliense.com.br\/cbpoder\/?p=5569"},"modified":"2016-08-29T12:04:25","modified_gmt":"2016-08-29T15:04:25","slug":"testemunhas-de-defesa-da-caixa-de-pandora-deputados-do-df-podem-sofrer-conducao-coercitiva","status":"publish","type":"post","link":"https:\/\/blogs.correiobraziliense.com.br\/cbpoder\/testemunhas-de-defesa-da-caixa-de-pandora-deputados-do-df-podem-sofrer-conducao-coercitiva\/","title":{"rendered":"Testemunhas de defesa da Caixa de Pandora, deputados do DF podem sofrer condu\u00e7\u00e3o coercitiva"},"content":{"rendered":"<p>O andamento dos processos criminais relativos \u00e0 Opera\u00e7\u00e3o Caixa de Pandora foi comprometido porque a Justi\u00e7a ainda aguarda o depoimento de deputados federais e distritais arrolados como testemunha. Os parlamentares t\u00eam o direito de indicar o dia, hora e local para a oitiva. Mas, depois de diversas tentativas de marcar audi\u00eancias, a Justi\u00e7a tomou uma medida dura: alertou que todos sofrer\u00e3o condu\u00e7\u00e3o coercitiva se n\u00e3o aparecerem nas datas marcadas para os depoimentos. A jurisprud\u00eancia do STF \u00e9 de que, depois de 30 dias, o parlamentar arrolado como testemunha que n\u00e3o indicar onde e quando quer depor ou n\u00e3o comparecer a uma audi\u00eancia em data previamente indicada perde a prerrogativa especial.<\/p>\n<p>&nbsp;<br \/>\n<strong>Metade da bancada do DF\u00a0na C\u00e2mara ser\u00e1 ouvida<\/strong><br \/>\nIzalci Lucas (PSDB), Alberto Fraga (DEM) Laerte Bessa (PR) e Rog\u00e9rio Rosso (PSD), todos do Distrito Federal, al\u00e9m de Pauderney Avelino (DEM-AM), e Altineu C\u00f4rtes (PMDB-RJ), ter\u00e3o que aparecer para prestar depoimento na 7\u00aa Vara Criminal. As oitivas est\u00e3o marcadas entre 2 e 19 de setembro. J\u00e1 os distritais Raimundo Ribeiro (PPS) e Luzia de Paula (PSB), tamb\u00e9m foram arrolados como testemunhas de defesa de r\u00e9us da Pandora, mas ambos responderam os of\u00edcios. Eles tamb\u00e9m ser\u00e3o ouvidos em setembro. O presidente da C\u00e2mara dos Deputados, Rodrigo Maia (DEM-RJ), \u00e9 o \u00fanico que, apesar de n\u00e3o ter respondido os of\u00edcios do TJ, pode escapar da condu\u00e7\u00e3o coercitiva. Por conta do cargo, ele poder\u00e1 responder perguntas por escrito, em vez de comparecer \u00e0 7\u00aa Vara Criminal.<\/p>\n","protected":false},"excerpt":{"rendered":"<p>O andamento dos processos criminais relativos \u00e0 Opera\u00e7\u00e3o Caixa de Pandora foi comprometido porque a Justi\u00e7a ainda aguarda o depoimento de deputados federais e distritais arrolados como testemunha. Os parlamentares t\u00eam o direito de indicar o dia, hora e local para a oitiva. Mas, depois de diversas tentativas de marcar audi\u00eancias, a Justi\u00e7a tomou uma medida dura: alertou que todos [&hellip;]<\/p>\n","protected":false},"author":9,"featured_media":5570,"comment_status":"open","ping_status":"closed","sticky":false,"template":"","format":"standard","meta":{"footnotes":""},"categories":[234],"tags":[],"class_list":["post-5569","post","type-post","status-publish","format-standard","has-post-thumbnail","hentry","category-cb-poder"],"_links":{"self":[{"href":"https:\/\/blogs.correiobraziliense.com.br\/cbpoder\/wp-json\/wp\/v2\/posts\/5569","targetHints":{"allow":["GET"]}}],"collection":[{"href":"https:\/\/blogs.correiobraziliense.com.br\/cbpoder\/wp-json\/wp\/v2\/posts"}],"about":[{"href":"https:\/\/blogs.correiobraziliense.com.br\/cbpoder\/wp-json\/wp\/v2\/types\/post"}],"author":[{"embeddable":true,"href":"https:\/\/blogs.correiobraziliense.com.br\/cbpoder\/wp-json\/wp\/v2\/users\/9"}],"replies":[{"embeddable":true,"href":"https:\/\/blogs.correiobraziliense.com.br\/cbpoder\/wp-json\/wp\/v2\/comments?post=5569"}],"version-history":[{"count":1,"href":"https:\/\/blogs.correiobraziliense.com.br\/cbpoder\/wp-json\/wp\/v2\/posts\/5569\/revisions"}],"predecessor-version":[{"id":5572,"href":"https:\/\/blogs.correiobraziliense.com.br\/cbpoder\/wp-json\/wp\/v2\/posts\/5569\/revisions\/5572"}],"wp:featuredmedia":[{"embeddable":true,"href":"https:\/\/blogs.correiobraziliense.com.br\/cbpoder\/wp-json\/wp\/v2\/media\/5570"}],"wp:attachment":[{"href":"https:\/\/blogs.correiobraziliense.com.br\/cbpoder\/wp-json\/wp\/v2\/media?parent=5569"}],"wp:term":[{"taxonomy":"category","embeddable":true,"href":"https:\/\/blogs.correiobraziliense.com.br\/cbpoder\/wp-json\/wp\/v2\/categories?post=5569"},{"taxonomy":"post_tag","embeddable":true,"href":"https:\/\/blogs.correiobraziliense.com.br\/cbpoder\/wp-json\/wp\/v2\/tags?post=5569"}],"curies":[{"name":"wp","href":"https:\/\/api.w.org\/{rel}","templated":true}]}}