{"id":5559,"date":"2016-08-26T17:12:22","date_gmt":"2016-08-26T20:12:22","guid":{"rendered":"https:\/\/blogs.correiobraziliense.com.br\/cbpoder\/?p=5559"},"modified":"2016-08-26T17:42:56","modified_gmt":"2016-08-26T20:42:56","slug":"temer-vai-receber-rollemberg-e-bancada-do-df-para-tratar-de-reajustes-na-seguranca-publica","status":"publish","type":"post","link":"https:\/\/blogs.correiobraziliense.com.br\/cbpoder\/temer-vai-receber-rollemberg-e-bancada-do-df-para-tratar-de-reajustes-na-seguranca-publica\/","title":{"rendered":"Temer vai receber Rollemberg e bancada do DF para tratar de reajustes na seguran\u00e7a p\u00fablica"},"content":{"rendered":"<p>O presidente em exerc\u00edcio Michel Temer vai receber em audi\u00eancia nesta tarde (26) o governador Rodrigo Rollemberg (PSB) e os deputados Rog\u00e9rio Rosso (PSD), Laerte Bessa (PR), R\u00f4ney Nemer (PP), Izalci Lucas (PSDB), Augusto Carvalho (SD).<\/p>\n<p>O assunto \u00e9 uma poss\u00edvel sa\u00edda financeira para custear os reajustes salariais das for\u00e7as de seguran\u00e7a.<\/p>\n<p>Os deputados tiveram uma reuni\u00e3o nesta tarde com Rodrigo Rollemberg, no Pal\u00e1cio do Buriti. Segundo o deputado Laerte Bessa, o governador afirmou que a \u00e1rea t\u00e9cnica vai elaborar um estudo na pr\u00f3xima segunda-feira (28) com proje\u00e7\u00f5es sobre os poss\u00edveis reajustes para a Pol\u00edcia Civil. &#8220;Disse ao governador que n\u00e3o aceitamos nada menos do que a paridade com a Pol\u00edcia Federal&#8221;, ressaltou Bessa.<\/p>\n<p>Uma das solu\u00e7\u00f5es pensadas pelos pol\u00edticos do DF para viabilizar os aumentos nos contracheques das for\u00e7as de seguran\u00e7a seria o reconhecimento e libera\u00e7\u00e3o, por parte do governo federal, de um suposto saldo de R$ 1,3 bilh\u00e3o dos pagamentos do Fundo Constitucional.<\/p>\n<p>&nbsp;<\/p>\n","protected":false},"excerpt":{"rendered":"<p>O presidente em exerc\u00edcio Michel Temer vai receber em audi\u00eancia nesta tarde (26) o governador Rodrigo Rollemberg (PSB) e os deputados Rog\u00e9rio Rosso (PSD), Laerte Bessa (PR), R\u00f4ney Nemer (PP), Izalci Lucas (PSDB), Augusto Carvalho (SD). O assunto \u00e9 uma poss\u00edvel sa\u00edda financeira para custear os reajustes salariais das for\u00e7as de seguran\u00e7a. Os deputados tiveram uma reuni\u00e3o nesta tarde com [&hellip;]<\/p>\n","protected":false},"author":9,"featured_media":5561,"comment_status":"open","ping_status":"closed","sticky":false,"template":"","format":"standard","meta":{"footnotes":""},"categories":[234],"tags":[],"class_list":["post-5559","post","type-post","status-publish","format-standard","has-post-thumbnail","hentry","category-cb-poder"],"_links":{"self":[{"href":"https:\/\/blogs.correiobraziliense.com.br\/cbpoder\/wp-json\/wp\/v2\/posts\/5559","targetHints":{"allow":["GET"]}}],"collection":[{"href":"https:\/\/blogs.correiobraziliense.com.br\/cbpoder\/wp-json\/wp\/v2\/posts"}],"about":[{"href":"https:\/\/blogs.correiobraziliense.com.br\/cbpoder\/wp-json\/wp\/v2\/types\/post"}],"author":[{"embeddable":true,"href":"https:\/\/blogs.correiobraziliense.com.br\/cbpoder\/wp-json\/wp\/v2\/users\/9"}],"replies":[{"embeddable":true,"href":"https:\/\/blogs.correiobraziliense.com.br\/cbpoder\/wp-json\/wp\/v2\/comments?post=5559"}],"version-history":[{"count":1,"href":"https:\/\/blogs.correiobraziliense.com.br\/cbpoder\/wp-json\/wp\/v2\/posts\/5559\/revisions"}],"predecessor-version":[{"id":5562,"href":"https:\/\/blogs.correiobraziliense.com.br\/cbpoder\/wp-json\/wp\/v2\/posts\/5559\/revisions\/5562"}],"wp:featuredmedia":[{"embeddable":true,"href":"https:\/\/blogs.correiobraziliense.com.br\/cbpoder\/wp-json\/wp\/v2\/media\/5561"}],"wp:attachment":[{"href":"https:\/\/blogs.correiobraziliense.com.br\/cbpoder\/wp-json\/wp\/v2\/media?parent=5559"}],"wp:term":[{"taxonomy":"category","embeddable":true,"href":"https:\/\/blogs.correiobraziliense.com.br\/cbpoder\/wp-json\/wp\/v2\/categories?post=5559"},{"taxonomy":"post_tag","embeddable":true,"href":"https:\/\/blogs.correiobraziliense.com.br\/cbpoder\/wp-json\/wp\/v2\/tags?post=5559"}],"curies":[{"name":"wp","href":"https:\/\/api.w.org\/{rel}","templated":true}]}}