{"id":5557,"date":"2016-08-26T12:13:03","date_gmt":"2016-08-26T15:13:03","guid":{"rendered":"https:\/\/blogs.correiobraziliense.com.br\/cbpoder\/?p=5557"},"modified":"2016-10-19T19:39:28","modified_gmt":"2016-10-19T21:39:28","slug":"ex-diretor-do-fundo-de-saude-presta-depoimento-aos-investigadores-da-operacao-dracon","status":"publish","type":"post","link":"https:\/\/blogs.correiobraziliense.com.br\/cbpoder\/ex-diretor-do-fundo-de-saude-presta-depoimento-aos-investigadores-da-operacao-dracon\/","title":{"rendered":"Ex-diretor do Fundo de Sa\u00fade presta depoimento aos investigadores da Opera\u00e7\u00e3o Dr\u00e1con"},"content":{"rendered":"<p><strong>ISA STACCIARINI <\/strong><\/p>\n<p>O ex-diretor do Fundo de Sa\u00fade Ricardo Cardoso, \u00fanico investigado no esquema UTIgate que ainda n\u00e3o tinha prestado depoimento, compareceu na tarde de quinta-feira (25\/8) \u00e0 Delegacia de Repress\u00e3o aos Crimes contra a Administra\u00e7\u00e3o P\u00fablica (Decap). Policiais ouviram o suspeito por aproximadamente tr\u00eas horas. O gestor estava em S\u00e3o Paulo no dia da deflagra\u00e7\u00e3o da\u00a0Opera\u00e7\u00e3o Dr\u00e1con e n\u00e3o havia\u00a0se apresentado a pol\u00edcia.<\/p>\n<p>&nbsp;<\/p>\n<p>Entretanto, segundo o delegado chefe da unidade, Alexandre Linhares, Ricardo n\u00e3o acrescentou muitas informa\u00e7\u00f5es. \u201cEle compareceu espontaneamente com o advogado ap\u00f3s contato do defensor e se apresentou. Agora, as equipes trabalham nas an\u00e1lises dos documentos que est\u00e3o sendo periciados. Mais de 20 policiais est\u00e3o se debru\u00e7ando nos trabalhos para, depois que forem feitos os relat\u00f3rios e laudos, a gente tra\u00e7ar novas estrat\u00e9gias\u201d, esclareceu.<\/p>\n<p>&nbsp;<\/p>\n<p>Linhares destacou que as equipes de todas as se\u00e7\u00f5es da delegacia est\u00e3o encarregadas das atividades. \u201cA nossa agilidade maior \u00e9 para acelerar a an\u00e1lise. Pelo fato de ter havido\u00a0a opera\u00e7\u00e3o, o quanto antes queremos analisar tudo\u201d, ressaltou.<\/p>\n","protected":false},"excerpt":{"rendered":"<p>ISA STACCIARINI O ex-diretor do Fundo de Sa\u00fade Ricardo Cardoso, \u00fanico investigado no esquema UTIgate que ainda n\u00e3o tinha prestado depoimento, compareceu na tarde de quinta-feira (25\/8) \u00e0 Delegacia de Repress\u00e3o aos Crimes contra a Administra\u00e7\u00e3o P\u00fablica (Decap). Policiais ouviram o suspeito por aproximadamente tr\u00eas horas. O gestor estava em S\u00e3o Paulo no dia da deflagra\u00e7\u00e3o da\u00a0Opera\u00e7\u00e3o Dr\u00e1con e n\u00e3o [&hellip;]<\/p>\n","protected":false},"author":9,"featured_media":0,"comment_status":"open","ping_status":"open","sticky":false,"template":"","format":"standard","meta":{"footnotes":""},"categories":[234],"tags":[],"class_list":["post-5557","post","type-post","status-publish","format-standard","hentry","category-cb-poder"],"_links":{"self":[{"href":"https:\/\/blogs.correiobraziliense.com.br\/cbpoder\/wp-json\/wp\/v2\/posts\/5557","targetHints":{"allow":["GET"]}}],"collection":[{"href":"https:\/\/blogs.correiobraziliense.com.br\/cbpoder\/wp-json\/wp\/v2\/posts"}],"about":[{"href":"https:\/\/blogs.correiobraziliense.com.br\/cbpoder\/wp-json\/wp\/v2\/types\/post"}],"author":[{"embeddable":true,"href":"https:\/\/blogs.correiobraziliense.com.br\/cbpoder\/wp-json\/wp\/v2\/users\/9"}],"replies":[{"embeddable":true,"href":"https:\/\/blogs.correiobraziliense.com.br\/cbpoder\/wp-json\/wp\/v2\/comments?post=5557"}],"version-history":[{"count":1,"href":"https:\/\/blogs.correiobraziliense.com.br\/cbpoder\/wp-json\/wp\/v2\/posts\/5557\/revisions"}],"predecessor-version":[{"id":5558,"href":"https:\/\/blogs.correiobraziliense.com.br\/cbpoder\/wp-json\/wp\/v2\/posts\/5557\/revisions\/5558"}],"wp:attachment":[{"href":"https:\/\/blogs.correiobraziliense.com.br\/cbpoder\/wp-json\/wp\/v2\/media?parent=5557"}],"wp:term":[{"taxonomy":"category","embeddable":true,"href":"https:\/\/blogs.correiobraziliense.com.br\/cbpoder\/wp-json\/wp\/v2\/categories?post=5557"},{"taxonomy":"post_tag","embeddable":true,"href":"https:\/\/blogs.correiobraziliense.com.br\/cbpoder\/wp-json\/wp\/v2\/tags?post=5557"}],"curies":[{"name":"wp","href":"https:\/\/api.w.org\/{rel}","templated":true}]}}